{"id":4301,"date":"2018-02-28T18:56:56","date_gmt":"2018-02-28T17:56:56","guid":{"rendered":"https:\/\/thenailbar.ch\/news-de\/ultraviolet-la-creme-main-professionnelle-faite-pour-vous.html"},"modified":"2023-04-27T19:57:06","modified_gmt":"2023-04-27T17:57:06","slug":"ultraviolet-die-nail-profi-creme-fuer-sie","status":"publish","type":"post","link":"https:\/\/thenailbar.ch\/de\/news-de\/2018\/ultraviolet-die-nail-profi-creme-fuer-sie.html","title":{"rendered":"UltraViolet &trade; &#8211; die Nail Profi-Creme f\u00fcr Sie!"},"content":{"rendered":"<blockquote><p><span style=\"font-weight: 400;\">The Nail Bar hat f\u00fcr Sie die erste Profi-Handcreme herausgebracht, speziell f\u00fcr Ihre Haut und Fingern\u00e4gel kreiert. Diese Creme entspricht dem hohen Standard der Nail Bar Dienstleistungen und den Grunds\u00e4tzen, die uns wichtig sind: <b>Qualit\u00e4t, Trend und leichte Anwendung<\/b>.<\/span><\/p><\/blockquote>\n<p><img loading=\"lazy\" decoding=\"async\" class=\"wp-image-4295 alignright\" title=\"UtraViolet - hand cream - made in Switzerland\" src=\"https:\/\/thenailbar.ch\/wp2\/wp-content\/uploads\/2018\/02\/TNB-Cream-UltraViolet-packshoot-web-1.png\" alt=\"UtraViolet - hand cream - made in Switzerland\" width=\"196\" height=\"397\" srcset=\"https:\/\/thenailbar.ch\/wp2\/wp-content\/uploads\/2018\/02\/TNB-Cream-UltraViolet-packshoot-web-1.png 296w, https:\/\/thenailbar.ch\/wp2\/wp-content\/uploads\/2018\/02\/TNB-Cream-UltraViolet-packshoot-web-1-96x195.png 96w\" sizes=\"(max-width: 196px) 100vw, 196px\" \/><\/p>\n<h2>Warum ?<\/h2>\n<p><span style=\"font-weight: 400;\">Seit nun fast acht Jahren sind wir die Profis der Hand- und Fu\u00dfpflege in der Schweiz. Unser Ziel war von Anfang an, die besten Produkte zum besten Preis anzubieten. Das hat uns dazu bewogen, Ihnen unser erstes Produkt vorzustellen, das ausschlie\u00dflich in der Schweiz entworfen, zusammengesetzt und hergestellt wurde.<\/span><\/p>\n<p><span style=\"font-weight: 400;\">Die Formel dieser hochwertigen Creme entspricht genauen Anforderungen aus unserer langj\u00e4hrigen Erfahrung: Eine gute Handcreme ist reichhaltig und feuchtigkeitsspendend, bildet keinen klebrigen Fettfilm auf der Haut und zieht durch leichtes Einmassieren rasch in die Haut ein.<\/span><\/p>\n<p><span style=\"font-weight: 400;\">Diese Creme ist als Essenz der The Nail Bar gedacht, die Sie immer und \u00fcberall mit dabei haben k\u00f6nnen. Praktisch, trendig und hochwertig.<\/span><\/p>\n<h2>Professionell und schweizerisch<\/h2>\n<p><span style=\"font-weight: 400;\">Die Bestandteile dieser Creme wurden gezielt und sorgf\u00e4ltig ausgesucht:<\/span><\/p>\n<ul>\n<li style=\"font-weight: 400;\"><b>Die pflanzliche Kokum-Butter<\/b><span style=\"font-weight: 400;\"> aus Gurgi-N\u00fcssen hat ausgezeichnete Geschmeidigkeit Eigenschaften (verbessert Elastizit\u00e4t und Geschmeidigkeit der Haut) und hinterl\u00e4sst keine Fettschicht auf der Haut, im Gegensatz zur Karite-Butter. Sie wirkt gegen den Abbau der Hautzellen und f\u00f6rdert die Hautelastizit\u00e4t.<\/span><\/li>\n<li style=\"font-weight: 400;\"><b>Die st\u00e4rkenden und wachstumsf\u00f6rdernden Eigenschaften<\/b><span style=\"font-weight: 400;\"> des Rizinus\u00f6ls f\u00fcr N\u00e4gel und Haare sind seit der Antike \u00fcberliefert. Es ist ebenfalls f\u00fcr seine Wirkung gegen Altersflecken bekannt.<\/span><\/li>\n<li style=\"font-weight: 400;\"><b>Das Malvenwasser<\/b><span style=\"font-weight: 400;\"> hat eine beruhigende und erholende Wirkung auf empfindliche Haut.<\/span><\/li>\n<li style=\"font-weight: 400;\"><b>Die f\u00fcr diese Creme verwendeten AHA<\/b><span style=\"font-weight: 400;\"> (= Alpha-Hydrox-S\u00e4uren, besser bekannt als Fruchts\u00e4uren) geh\u00f6ren zu den modernsten L\u00f6sungen im Bereich der Sch\u00f6nheitsprodukte: Dank dem Zuf\u00fchrsystem f\u00fcr kontrollierte Freisetzung in die tiefen Hautschichten verbessern diese deutlich das Aussehen der Haut, erh\u00f6hen ihre Geschmeidigkeit und wirken gegen Reizungen.<\/span><\/li>\n<li style=\"font-weight: 400;\"><b>Der Duft <\/b>dieser Creme, eine Einladung zum Verreisen, wurde von einem Parf\u00fcmeur im Genfersee Raum kreiert und verleiht dem Produkt eine feminine, elegante und moderne Note: rosa Pfeffer, Veilchen und wei\u00dfe Ambra.<\/li>\n<\/ul>\n<p><span style=\"font-weight: 400;\">Diese Creme ist als Essenz der The Nail Bar gedacht, die Sie immer und \u00fcberall mit dabei haben k\u00f6nnen. <strong>Praktisch, trendig und hochwertig<\/strong>.<\/span><\/p>\n<p><a href=\"https:\/\/thenailbar.ch\/de\/the-nail-bars\"><span style=\"font-weight: 400;\"><strong>Ausschlie\u00dflich<\/strong> bei Nail Bar in der Schweiz erh\u00e4ltlich.<\/span><\/a><\/p>\n","protected":false},"excerpt":{"rendered":"<p>The Nail Bar hat f\u00fcr Sie die erste Profi-Handcreme herausgebracht, speziell f\u00fcr Ihre Haut und Fingern\u00e4gel kreiert. Diese Creme entspricht dem hohen Standard der Nail Bar Dienstleistungen und den Grunds\u00e4tzen, die uns wichtig sind: Qualit\u00e4t, Trend und leichte Anwendung. Warum ? Seit nun fast acht Jahren sind wir die Profis der Hand- und Fu\u00dfpflege in &hellip; <a href=\"https:\/\/thenailbar.ch\/de\/news-de\/2018\/ultraviolet-die-nail-profi-creme-fuer-sie.html\">Continued<\/a><\/p>\n","protected":false},"author":1,"featured_media":5053,"comment_status":"open","ping_status":"open","sticky":false,"template":"","format":"standard","meta":{"_acf_changed":false,"_et_pb_use_builder":"","_et_pb_old_content":"","_et_gb_content_width":"","jetpack_post_was_ever_published":false,"_jetpack_newsletter_access":"","_jetpack_dont_email_post_to_subs":false,"_jetpack_newsletter_tier_id":0,"_jetpack_memberships_contains_paywalled_content":false,"_jetpack_memberships_contains_paid_content":false,"footnotes":"","jetpack_publicize_message":"","jetpack_publicize_feature_enabled":true,"jetpack_social_post_already_shared":true,"jetpack_social_options":{"image_generator_settings":{"template":"highway","default_image_id":0,"font":"","enabled":false},"version":2}},"categories":[133,262],"tags":[261],"class_list":["post-4301","post","type-post","status-publish","format-standard","has-post-thumbnail","hentry","category-news-de","category-produkte","tag-marke-the-nail-bar"],"acf":[],"yoast_head":"<!-- This site is optimized with the Yoast SEO plugin v27.5 - https:\/\/yoast.com\/product\/yoast-seo-wordpress\/ -->\n<title>UltraViolet &trade; - die Nail Profi-Creme f\u00fcr Sie! - The Nail Bar - Lausanne Genf Vevey Neuenburg Freiburg Monthey Biel Zuerich<\/title>\n<meta name=\"description\" content=\"Diese hochwertige Creme wurde nach genauen Anforderungen hergestellt, die sich direkt aus unserer achtj\u00e4hrigen Erfahrung ergeben haben.\" \/>\n<meta name=\"robots\" content=\"index, follow, max-snippet:-1, max-image-preview:large, max-video-preview:-1\" \/>\n<link rel=\"canonical\" href=\"https:\/\/thenailbar.ch\/de\/news-de\/2018\/ultraviolet-die-nail-profi-creme-fuer-sie.html\" \/>\n<meta property=\"og:locale\" content=\"de_DE\" \/>\n<meta property=\"og:type\" content=\"article\" \/>\n<meta property=\"og:title\" content=\"UltraViolet &trade; - die Nail Profi-Creme f\u00fcr Sie! - The Nail Bar - Lausanne Genf Vevey Neuenburg Freiburg Monthey Biel Zuerich\" \/>\n<meta property=\"og:description\" content=\"Diese hochwertige Creme wurde nach genauen Anforderungen hergestellt, die sich direkt aus unserer achtj\u00e4hrigen Erfahrung ergeben haben.\" \/>\n<meta property=\"og:url\" content=\"https:\/\/thenailbar.ch\/de\/news-de\/2018\/ultraviolet-die-nail-profi-creme-fuer-sie.html\" \/>\n<meta property=\"og:site_name\" content=\"The Nail Bar - Lausanne Genf Vevey Neuenburg Freiburg Monthey Biel Zuerich\" \/>\n<meta property=\"article:publisher\" content=\"https:\/\/www.facebook.com\/thenailbar.nail.switzerland\/\" \/>\n<meta property=\"article:published_time\" content=\"2018-02-28T17:56:56+00:00\" \/>\n<meta property=\"article:modified_time\" content=\"2023-04-27T17:57:06+00:00\" \/>\n<meta property=\"og:image\" content=\"https:\/\/thenailbar.ch\/wp2\/wp-content\/uploads\/2018\/02\/TNB-Creams-WEB-jumbo-18-013.jpg\" \/>\n\t<meta property=\"og:image:width\" content=\"1500\" \/>\n\t<meta property=\"og:image:height\" content=\"600\" \/>\n\t<meta property=\"og:image:type\" content=\"image\/jpeg\" \/>\n<meta name=\"author\" content=\"Rapha\u00ebl Cornuz\" \/>\n<meta name=\"twitter:card\" content=\"summary_large_image\" \/>\n<meta name=\"twitter:creator\" content=\"@TheNailBarSwiss\" \/>\n<meta name=\"twitter:site\" content=\"@TheNailBarSwiss\" \/>\n<meta name=\"twitter:label1\" content=\"Verfasst von\" \/>\n\t<meta name=\"twitter:data1\" content=\"Rapha\u00ebl Cornuz\" \/>\n\t<meta name=\"twitter:label2\" content=\"Gesch\u00e4tzte Lesezeit\" \/>\n\t<meta name=\"twitter:data2\" content=\"2\u00a0Minuten\" \/>\n<script type=\"application\/ld+json\" class=\"yoast-schema-graph\">{\"@context\":\"https:\\\/\\\/schema.org\",\"@graph\":[{\"@type\":\"Article\",\"@id\":\"https:\\\/\\\/thenailbar.ch\\\/de\\\/news-de\\\/2018\\\/ultraviolet-die-nail-profi-creme-fuer-sie.html#article\",\"isPartOf\":{\"@id\":\"https:\\\/\\\/thenailbar.ch\\\/de\\\/news-de\\\/2018\\\/ultraviolet-die-nail-profi-creme-fuer-sie.html\"},\"author\":{\"name\":\"Rapha\u00ebl Cornuz\",\"@id\":\"https:\\\/\\\/thenailbar.ch\\\/de#\\\/schema\\\/person\\\/540c4e5d6c8983ee4cd66d8f4745c051\"},\"headline\":\"UltraViolet &trade; &#8211; die Nail Profi-Creme f\u00fcr Sie!\",\"datePublished\":\"2018-02-28T17:56:56+00:00\",\"dateModified\":\"2023-04-27T17:57:06+00:00\",\"mainEntityOfPage\":{\"@id\":\"https:\\\/\\\/thenailbar.ch\\\/de\\\/news-de\\\/2018\\\/ultraviolet-die-nail-profi-creme-fuer-sie.html\"},\"wordCount\":384,\"commentCount\":0,\"publisher\":{\"@id\":\"https:\\\/\\\/thenailbar.ch\\\/de#organization\"},\"image\":{\"@id\":\"https:\\\/\\\/thenailbar.ch\\\/de\\\/news-de\\\/2018\\\/ultraviolet-die-nail-profi-creme-fuer-sie.html#primaryimage\"},\"thumbnailUrl\":\"https:\\\/\\\/thenailbar.ch\\\/wp2\\\/wp-content\\\/uploads\\\/2018\\\/02\\\/TNB-Creams-WEB-jumbo-18-013.jpg\",\"keywords\":[\"The Nail Bar\"],\"articleSection\":[\"News\",\"Produkte\"],\"inLanguage\":\"de\",\"potentialAction\":[{\"@type\":\"CommentAction\",\"name\":\"Comment\",\"target\":[\"https:\\\/\\\/thenailbar.ch\\\/de\\\/news-de\\\/2018\\\/ultraviolet-die-nail-profi-creme-fuer-sie.html#respond\"]}]},{\"@type\":\"WebPage\",\"@id\":\"https:\\\/\\\/thenailbar.ch\\\/de\\\/news-de\\\/2018\\\/ultraviolet-die-nail-profi-creme-fuer-sie.html\",\"url\":\"https:\\\/\\\/thenailbar.ch\\\/de\\\/news-de\\\/2018\\\/ultraviolet-die-nail-profi-creme-fuer-sie.html\",\"name\":\"UltraViolet &trade; - die Nail Profi-Creme f\u00fcr Sie! - The Nail Bar - Lausanne Genf Vevey Neuenburg Freiburg Monthey Biel Zuerich\",\"isPartOf\":{\"@id\":\"https:\\\/\\\/thenailbar.ch\\\/de#website\"},\"primaryImageOfPage\":{\"@id\":\"https:\\\/\\\/thenailbar.ch\\\/de\\\/news-de\\\/2018\\\/ultraviolet-die-nail-profi-creme-fuer-sie.html#primaryimage\"},\"image\":{\"@id\":\"https:\\\/\\\/thenailbar.ch\\\/de\\\/news-de\\\/2018\\\/ultraviolet-die-nail-profi-creme-fuer-sie.html#primaryimage\"},\"thumbnailUrl\":\"https:\\\/\\\/thenailbar.ch\\\/wp2\\\/wp-content\\\/uploads\\\/2018\\\/02\\\/TNB-Creams-WEB-jumbo-18-013.jpg\",\"datePublished\":\"2018-02-28T17:56:56+00:00\",\"dateModified\":\"2023-04-27T17:57:06+00:00\",\"description\":\"Diese hochwertige Creme wurde nach genauen Anforderungen hergestellt, die sich direkt aus unserer achtj\u00e4hrigen Erfahrung ergeben haben.\",\"breadcrumb\":{\"@id\":\"https:\\\/\\\/thenailbar.ch\\\/de\\\/news-de\\\/2018\\\/ultraviolet-die-nail-profi-creme-fuer-sie.html#breadcrumb\"},\"inLanguage\":\"de\",\"potentialAction\":[{\"@type\":\"ReadAction\",\"target\":[\"https:\\\/\\\/thenailbar.ch\\\/de\\\/news-de\\\/2018\\\/ultraviolet-die-nail-profi-creme-fuer-sie.html\"]}]},{\"@type\":\"ImageObject\",\"inLanguage\":\"de\",\"@id\":\"https:\\\/\\\/thenailbar.ch\\\/de\\\/news-de\\\/2018\\\/ultraviolet-die-nail-profi-creme-fuer-sie.html#primaryimage\",\"url\":\"https:\\\/\\\/thenailbar.ch\\\/wp2\\\/wp-content\\\/uploads\\\/2018\\\/02\\\/TNB-Creams-WEB-jumbo-18-013.jpg\",\"contentUrl\":\"https:\\\/\\\/thenailbar.ch\\\/wp2\\\/wp-content\\\/uploads\\\/2018\\\/02\\\/TNB-Creams-WEB-jumbo-18-013.jpg\",\"width\":\"1500\",\"height\":\"600\"},{\"@type\":\"BreadcrumbList\",\"@id\":\"https:\\\/\\\/thenailbar.ch\\\/de\\\/news-de\\\/2018\\\/ultraviolet-die-nail-profi-creme-fuer-sie.html#breadcrumb\",\"itemListElement\":[{\"@type\":\"ListItem\",\"position\":1,\"name\":\"Accueil\",\"item\":\"https:\\\/\\\/thenailbar.ch\\\/de\"},{\"@type\":\"ListItem\",\"position\":2,\"name\":\"UltraViolet &trade; &#8211; die Nail Profi-Creme f\u00fcr Sie!\"}]},{\"@type\":\"WebSite\",\"@id\":\"https:\\\/\\\/thenailbar.ch\\\/de#website\",\"url\":\"https:\\\/\\\/thenailbar.ch\\\/de\",\"name\":\"The Nail Bar - Sans ou Avec rendez-vous!\",\"description\":\"\u201cOhne oder Mit Termin!\u201d\",\"publisher\":{\"@id\":\"https:\\\/\\\/thenailbar.ch\\\/de#organization\"},\"alternateName\":\"The Nail Bar\",\"potentialAction\":[{\"@type\":\"SearchAction\",\"target\":{\"@type\":\"EntryPoint\",\"urlTemplate\":\"https:\\\/\\\/thenailbar.ch\\\/de?s={search_term_string}\"},\"query-input\":{\"@type\":\"PropertyValueSpecification\",\"valueRequired\":true,\"valueName\":\"search_term_string\"}}],\"inLanguage\":\"de\"},{\"@type\":\"Organization\",\"@id\":\"https:\\\/\\\/thenailbar.ch\\\/de#organization\",\"name\":\"The Nail Bar\",\"url\":\"https:\\\/\\\/thenailbar.ch\\\/de\",\"logo\":{\"@type\":\"ImageObject\",\"inLanguage\":\"de\",\"@id\":\"https:\\\/\\\/thenailbar.ch\\\/de#\\\/schema\\\/logo\\\/image\\\/\",\"url\":\"https:\\\/\\\/i0.wp.com\\\/thenailbar.ch\\\/wp2\\\/wp-content\\\/uploads\\\/2018\\\/09\\\/android-chrome-192x192.png?fit=192%2C192&ssl=1\",\"contentUrl\":\"https:\\\/\\\/i0.wp.com\\\/thenailbar.ch\\\/wp2\\\/wp-content\\\/uploads\\\/2018\\\/09\\\/android-chrome-192x192.png?fit=192%2C192&ssl=1\",\"width\":192,\"height\":192,\"caption\":\"The Nail Bar\"},\"image\":{\"@id\":\"https:\\\/\\\/thenailbar.ch\\\/de#\\\/schema\\\/logo\\\/image\\\/\"},\"sameAs\":[\"https:\\\/\\\/www.facebook.com\\\/thenailbar.nail.switzerland\\\/\",\"https:\\\/\\\/x.com\\\/TheNailBarSwiss\",\"https:\\\/\\\/www.instagram.com\\\/thenailbarswitzerland\\\/\",\"https:\\\/\\\/www.pinterest.ch\\\/thenailbarswitzerland\\\/\",\"https:\\\/\\\/www.youtube.com\\\/channel\\\/UCAZSdCTBJp-1F91xL1wZHQg\"]},{\"@type\":\"Person\",\"@id\":\"https:\\\/\\\/thenailbar.ch\\\/de#\\\/schema\\\/person\\\/540c4e5d6c8983ee4cd66d8f4745c051\",\"name\":\"Rapha\u00ebl Cornuz\",\"image\":{\"@type\":\"ImageObject\",\"inLanguage\":\"de\",\"@id\":\"https:\\\/\\\/secure.gravatar.com\\\/avatar\\\/8ba2434b1e1b40a90131bc1f1ecafd649730f36aca8c8ecb3e2d5899593b4165?s=96&d=mm&r=g\",\"url\":\"https:\\\/\\\/secure.gravatar.com\\\/avatar\\\/8ba2434b1e1b40a90131bc1f1ecafd649730f36aca8c8ecb3e2d5899593b4165?s=96&d=mm&r=g\",\"contentUrl\":\"https:\\\/\\\/secure.gravatar.com\\\/avatar\\\/8ba2434b1e1b40a90131bc1f1ecafd649730f36aca8c8ecb3e2d5899593b4165?s=96&d=mm&r=g\",\"caption\":\"Rapha\u00ebl Cornuz\"},\"sameAs\":[\"https:\\\/\\\/cornuz.com\"]}]}<\/script>\n<!-- \/ Yoast SEO plugin. -->","yoast_head_json":{"title":"UltraViolet &trade; - die Nail Profi-Creme f\u00fcr Sie! - The Nail Bar - Lausanne Genf Vevey Neuenburg Freiburg Monthey Biel Zuerich","description":"Diese hochwertige Creme wurde nach genauen Anforderungen hergestellt, die sich direkt aus unserer achtj\u00e4hrigen Erfahrung ergeben haben.","robots":{"index":"index","follow":"follow","max-snippet":"max-snippet:-1","max-image-preview":"max-image-preview:large","max-video-preview":"max-video-preview:-1"},"canonical":"https:\/\/thenailbar.ch\/de\/news-de\/2018\/ultraviolet-die-nail-profi-creme-fuer-sie.html","og_locale":"de_DE","og_type":"article","og_title":"UltraViolet &trade; - die Nail Profi-Creme f\u00fcr Sie! - The Nail Bar - Lausanne Genf Vevey Neuenburg Freiburg Monthey Biel Zuerich","og_description":"Diese hochwertige Creme wurde nach genauen Anforderungen hergestellt, die sich direkt aus unserer achtj\u00e4hrigen Erfahrung ergeben haben.","og_url":"https:\/\/thenailbar.ch\/de\/news-de\/2018\/ultraviolet-die-nail-profi-creme-fuer-sie.html","og_site_name":"The Nail Bar - Lausanne Genf Vevey Neuenburg Freiburg Monthey Biel Zuerich","article_publisher":"https:\/\/www.facebook.com\/thenailbar.nail.switzerland\/","article_published_time":"2018-02-28T17:56:56+00:00","article_modified_time":"2023-04-27T17:57:06+00:00","og_image":[{"width":1500,"height":600,"url":"https:\/\/thenailbar.ch\/wp2\/wp-content\/uploads\/2018\/02\/TNB-Creams-WEB-jumbo-18-013.jpg","type":"image\/jpeg"}],"author":"Rapha\u00ebl Cornuz","twitter_card":"summary_large_image","twitter_creator":"@TheNailBarSwiss","twitter_site":"@TheNailBarSwiss","twitter_misc":{"Verfasst von":"Rapha\u00ebl Cornuz","Gesch\u00e4tzte Lesezeit":"2\u00a0Minuten"},"schema":{"@context":"https:\/\/schema.org","@graph":[{"@type":"Article","@id":"https:\/\/thenailbar.ch\/de\/news-de\/2018\/ultraviolet-die-nail-profi-creme-fuer-sie.html#article","isPartOf":{"@id":"https:\/\/thenailbar.ch\/de\/news-de\/2018\/ultraviolet-die-nail-profi-creme-fuer-sie.html"},"author":{"name":"Rapha\u00ebl Cornuz","@id":"https:\/\/thenailbar.ch\/de#\/schema\/person\/540c4e5d6c8983ee4cd66d8f4745c051"},"headline":"UltraViolet &trade; &#8211; die Nail Profi-Creme f\u00fcr Sie!","datePublished":"2018-02-28T17:56:56+00:00","dateModified":"2023-04-27T17:57:06+00:00","mainEntityOfPage":{"@id":"https:\/\/thenailbar.ch\/de\/news-de\/2018\/ultraviolet-die-nail-profi-creme-fuer-sie.html"},"wordCount":384,"commentCount":0,"publisher":{"@id":"https:\/\/thenailbar.ch\/de#organization"},"image":{"@id":"https:\/\/thenailbar.ch\/de\/news-de\/2018\/ultraviolet-die-nail-profi-creme-fuer-sie.html#primaryimage"},"thumbnailUrl":"https:\/\/thenailbar.ch\/wp2\/wp-content\/uploads\/2018\/02\/TNB-Creams-WEB-jumbo-18-013.jpg","keywords":["The Nail Bar"],"articleSection":["News","Produkte"],"inLanguage":"de","potentialAction":[{"@type":"CommentAction","name":"Comment","target":["https:\/\/thenailbar.ch\/de\/news-de\/2018\/ultraviolet-die-nail-profi-creme-fuer-sie.html#respond"]}]},{"@type":"WebPage","@id":"https:\/\/thenailbar.ch\/de\/news-de\/2018\/ultraviolet-die-nail-profi-creme-fuer-sie.html","url":"https:\/\/thenailbar.ch\/de\/news-de\/2018\/ultraviolet-die-nail-profi-creme-fuer-sie.html","name":"UltraViolet &trade; - die Nail Profi-Creme f\u00fcr Sie! - The Nail Bar - Lausanne Genf Vevey Neuenburg Freiburg Monthey Biel Zuerich","isPartOf":{"@id":"https:\/\/thenailbar.ch\/de#website"},"primaryImageOfPage":{"@id":"https:\/\/thenailbar.ch\/de\/news-de\/2018\/ultraviolet-die-nail-profi-creme-fuer-sie.html#primaryimage"},"image":{"@id":"https:\/\/thenailbar.ch\/de\/news-de\/2018\/ultraviolet-die-nail-profi-creme-fuer-sie.html#primaryimage"},"thumbnailUrl":"https:\/\/thenailbar.ch\/wp2\/wp-content\/uploads\/2018\/02\/TNB-Creams-WEB-jumbo-18-013.jpg","datePublished":"2018-02-28T17:56:56+00:00","dateModified":"2023-04-27T17:57:06+00:00","description":"Diese hochwertige Creme wurde nach genauen Anforderungen hergestellt, die sich direkt aus unserer achtj\u00e4hrigen Erfahrung ergeben haben.","breadcrumb":{"@id":"https:\/\/thenailbar.ch\/de\/news-de\/2018\/ultraviolet-die-nail-profi-creme-fuer-sie.html#breadcrumb"},"inLanguage":"de","potentialAction":[{"@type":"ReadAction","target":["https:\/\/thenailbar.ch\/de\/news-de\/2018\/ultraviolet-die-nail-profi-creme-fuer-sie.html"]}]},{"@type":"ImageObject","inLanguage":"de","@id":"https:\/\/thenailbar.ch\/de\/news-de\/2018\/ultraviolet-die-nail-profi-creme-fuer-sie.html#primaryimage","url":"https:\/\/thenailbar.ch\/wp2\/wp-content\/uploads\/2018\/02\/TNB-Creams-WEB-jumbo-18-013.jpg","contentUrl":"https:\/\/thenailbar.ch\/wp2\/wp-content\/uploads\/2018\/02\/TNB-Creams-WEB-jumbo-18-013.jpg","width":"1500","height":"600"},{"@type":"BreadcrumbList","@id":"https:\/\/thenailbar.ch\/de\/news-de\/2018\/ultraviolet-die-nail-profi-creme-fuer-sie.html#breadcrumb","itemListElement":[{"@type":"ListItem","position":1,"name":"Accueil","item":"https:\/\/thenailbar.ch\/de"},{"@type":"ListItem","position":2,"name":"UltraViolet &trade; &#8211; die Nail Profi-Creme f\u00fcr Sie!"}]},{"@type":"WebSite","@id":"https:\/\/thenailbar.ch\/de#website","url":"https:\/\/thenailbar.ch\/de","name":"The Nail Bar - Sans ou Avec rendez-vous!","description":"\u201cOhne oder Mit Termin!\u201d","publisher":{"@id":"https:\/\/thenailbar.ch\/de#organization"},"alternateName":"The Nail Bar","potentialAction":[{"@type":"SearchAction","target":{"@type":"EntryPoint","urlTemplate":"https:\/\/thenailbar.ch\/de?s={search_term_string}"},"query-input":{"@type":"PropertyValueSpecification","valueRequired":true,"valueName":"search_term_string"}}],"inLanguage":"de"},{"@type":"Organization","@id":"https:\/\/thenailbar.ch\/de#organization","name":"The Nail Bar","url":"https:\/\/thenailbar.ch\/de","logo":{"@type":"ImageObject","inLanguage":"de","@id":"https:\/\/thenailbar.ch\/de#\/schema\/logo\/image\/","url":"https:\/\/i0.wp.com\/thenailbar.ch\/wp2\/wp-content\/uploads\/2018\/09\/android-chrome-192x192.png?fit=192%2C192&ssl=1","contentUrl":"https:\/\/i0.wp.com\/thenailbar.ch\/wp2\/wp-content\/uploads\/2018\/09\/android-chrome-192x192.png?fit=192%2C192&ssl=1","width":192,"height":192,"caption":"The Nail Bar"},"image":{"@id":"https:\/\/thenailbar.ch\/de#\/schema\/logo\/image\/"},"sameAs":["https:\/\/www.facebook.com\/thenailbar.nail.switzerland\/","https:\/\/x.com\/TheNailBarSwiss","https:\/\/www.instagram.com\/thenailbarswitzerland\/","https:\/\/www.pinterest.ch\/thenailbarswitzerland\/","https:\/\/www.youtube.com\/channel\/UCAZSdCTBJp-1F91xL1wZHQg"]},{"@type":"Person","@id":"https:\/\/thenailbar.ch\/de#\/schema\/person\/540c4e5d6c8983ee4cd66d8f4745c051","name":"Rapha\u00ebl Cornuz","image":{"@type":"ImageObject","inLanguage":"de","@id":"https:\/\/secure.gravatar.com\/avatar\/8ba2434b1e1b40a90131bc1f1ecafd649730f36aca8c8ecb3e2d5899593b4165?s=96&d=mm&r=g","url":"https:\/\/secure.gravatar.com\/avatar\/8ba2434b1e1b40a90131bc1f1ecafd649730f36aca8c8ecb3e2d5899593b4165?s=96&d=mm&r=g","contentUrl":"https:\/\/secure.gravatar.com\/avatar\/8ba2434b1e1b40a90131bc1f1ecafd649730f36aca8c8ecb3e2d5899593b4165?s=96&d=mm&r=g","caption":"Rapha\u00ebl Cornuz"},"sameAs":["https:\/\/cornuz.com"]}]}},"jetpack_publicize_connections":[],"jetpack_featured_media_url":"https:\/\/thenailbar.ch\/wp2\/wp-content\/uploads\/2018\/02\/TNB-Creams-WEB-jumbo-18-013.jpg","jetpack_sharing_enabled":true,"jetpack-related-posts":[],"jetpack_shortlink":"https:\/\/wp.me\/patLF0-17n","_links":{"self":[{"href":"https:\/\/thenailbar.ch\/de\/wp-json\/wp\/v2\/posts\/4301","targetHints":{"allow":["GET"]}}],"collection":[{"href":"https:\/\/thenailbar.ch\/de\/wp-json\/wp\/v2\/posts"}],"about":[{"href":"https:\/\/thenailbar.ch\/de\/wp-json\/wp\/v2\/types\/post"}],"author":[{"embeddable":true,"href":"https:\/\/thenailbar.ch\/de\/wp-json\/wp\/v2\/users\/1"}],"replies":[{"embeddable":true,"href":"https:\/\/thenailbar.ch\/de\/wp-json\/wp\/v2\/comments?post=4301"}],"version-history":[{"count":3,"href":"https:\/\/thenailbar.ch\/de\/wp-json\/wp\/v2\/posts\/4301\/revisions"}],"predecessor-version":[{"id":15628,"href":"https:\/\/thenailbar.ch\/de\/wp-json\/wp\/v2\/posts\/4301\/revisions\/15628"}],"wp:featuredmedia":[{"embeddable":true,"href":"https:\/\/thenailbar.ch\/de\/wp-json\/wp\/v2\/media\/5053"}],"wp:attachment":[{"href":"https:\/\/thenailbar.ch\/de\/wp-json\/wp\/v2\/media?parent=4301"}],"wp:term":[{"taxonomy":"category","embeddable":true,"href":"https:\/\/thenailbar.ch\/de\/wp-json\/wp\/v2\/categories?post=4301"},{"taxonomy":"post_tag","embeddable":true,"href":"https:\/\/thenailbar.ch\/de\/wp-json\/wp\/v2\/tags?post=4301"}],"curies":[{"name":"wp","href":"https:\/\/api.w.org\/{rel}","templated":true}]}}