{"id":4010,"date":"2017-08-31T11:11:25","date_gmt":"2017-08-31T09:11:25","guid":{"rendered":"https:\/\/thenailbar.ch\/?p=4010"},"modified":"2023-10-05T15:43:36","modified_gmt":"2023-10-05T13:43:36","slug":"iceland-by-opi","status":"publish","type":"post","link":"https:\/\/thenailbar.ch\/de\/produkte\/2017\/iceland-by-opi.html","title":{"rendered":"Iceland by OPI"},"content":{"rendered":"<h3>Entdecken Sie die majest\u00e4tische Sch\u00f6nheit Islands mit OPI<\/h3>\n<p>Inspiriert von den Natruelementen, diese Kollektion bietet eine Reihe augenf\u00e4lliger, schicker Farbt\u00f6ne, welche die unversehrte Sch\u00f6hnheit Islands widerspiegeln.<\/p>\n<p>Von Moos \u00fcberzogene Lavafelder, schwarze Sandstr\u00e4nde und weitl\u00e4ufige Bergketten aus einzigartigen, vulkanischen Gesteinsformationen werden in symbolische Braun-, Dunkelgrau- und Khakigr\u00fcnt\u00f6ne \u00fcbersetzt. Wasser \u2013 in Form von heissen Quellen, Wasserf\u00e4llen und Eisbergen \u2013 sowie der weite Himmel inspirieren zu reichen Blaut\u00f6nen, von schimmernden Juwelnuancen bis hin zu k\u00fchlen Blaugraus. Die langen Sonnenunterg\u00e4nge offenbaren vielf\u00e4ltige Farbeindr\u00fccke, von sanftem Orange und tiefem Rot bis zu verschiedensten Violettvarianten wie schummriger Malvenfarbe, intensivem Beerenpurpur und dunklem Auberginegrau.<\/p>\n<p><strong>Iceland by OPI umfasst 12 neue Farben, die alle in drei Produktlinien erh\u00e4ltlich sein werden: klassischerNagellack, Infinite Shine und GelColor.<\/strong><\/p>\n<p>Verf\u00fcgbar in alle Nail Bars der Schweiz<strong><br \/>\n<\/strong><\/p>\n<p>&nbsp;<\/p>\n<p><img loading=\"lazy\" decoding=\"async\" class=\"alignnone size-medium wp-image-4012\" src=\"https:\/\/thenailbar.ch\/wp2\/wp-content\/uploads\/2017\/08\/DCI26_Iceland-12pc-Nail-Lacquer-A-display-260x191.jpg\" alt=\"\" width=\"260\" height=\"191\" srcset=\"https:\/\/thenailbar.ch\/wp2\/wp-content\/uploads\/2017\/08\/DCI26_Iceland-12pc-Nail-Lacquer-A-display-260x191.jpg 260w, https:\/\/thenailbar.ch\/wp2\/wp-content\/uploads\/2017\/08\/DCI26_Iceland-12pc-Nail-Lacquer-A-display-768x564.jpg 768w, https:\/\/thenailbar.ch\/wp2\/wp-content\/uploads\/2017\/08\/DCI26_Iceland-12pc-Nail-Lacquer-A-display-560x411.jpg 560w, https:\/\/thenailbar.ch\/wp2\/wp-content\/uploads\/2017\/08\/DCI26_Iceland-12pc-Nail-Lacquer-A-display.jpg 2048w\" sizes=\"(max-width: 260px) 100vw, 260px\" \/><\/p>\n","protected":false},"excerpt":{"rendered":"<p>Entdecken Sie die majest\u00e4tische Sch\u00f6nheit Islands mit OPI Inspiriert von den Natruelementen, diese Kollektion bietet eine Reihe augenf\u00e4lliger, schicker Farbt\u00f6ne, welche die unversehrte Sch\u00f6hnheit Islands widerspiegeln. Von Moos \u00fcberzogene Lavafelder, schwarze Sandstr\u00e4nde und weitl\u00e4ufige Bergketten aus einzigartigen, vulkanischen Gesteinsformationen werden in symbolische Braun-, Dunkelgrau- und Khakigr\u00fcnt\u00f6ne \u00fcbersetzt. Wasser \u2013 in Form von heissen Quellen, Wasserf\u00e4llen &hellip; <a href=\"https:\/\/thenailbar.ch\/de\/produkte\/2017\/iceland-by-opi.html\">Continued<\/a><\/p>\n","protected":false},"author":1,"featured_media":4012,"comment_status":"open","ping_status":"open","sticky":false,"template":"","format":"standard","meta":{"_acf_changed":false,"_et_pb_use_builder":"","_et_pb_old_content":"","_et_gb_content_width":"","jetpack_post_was_ever_published":false,"_jetpack_newsletter_access":"","_jetpack_dont_email_post_to_subs":false,"_jetpack_newsletter_tier_id":0,"_jetpack_memberships_contains_paywalled_content":false,"_jetpack_memberships_contains_paid_content":false,"footnotes":"","jetpack_publicize_message":"","jetpack_publicize_feature_enabled":true,"jetpack_social_post_already_shared":true,"jetpack_social_options":{"image_generator_settings":{"template":"highway","default_image_id":0,"font":"","enabled":false},"version":2}},"categories":[262],"tags":[159],"class_list":["post-4010","post","type-post","status-publish","format-standard","has-post-thumbnail","hentry","category-produkte","tag-marke-opi"],"acf":[],"yoast_head":"<!-- This site is optimized with the Yoast SEO plugin v27.5 - https:\/\/yoast.com\/product\/yoast-seo-wordpress\/ -->\n<title>Iceland by OPI - The Nail Bar - Lausanne Genf Vevey Neuenburg Freiburg Monthey Biel Zuerich<\/title>\n<meta name=\"robots\" content=\"index, follow, max-snippet:-1, max-image-preview:large, max-video-preview:-1\" \/>\n<link rel=\"canonical\" href=\"https:\/\/thenailbar.ch\/de\/produkte\/2017\/iceland-by-opi.html\" \/>\n<meta property=\"og:locale\" content=\"de_DE\" \/>\n<meta property=\"og:type\" content=\"article\" \/>\n<meta property=\"og:title\" content=\"Iceland by OPI - The Nail Bar - Lausanne Genf Vevey Neuenburg Freiburg Monthey Biel Zuerich\" \/>\n<meta property=\"og:description\" content=\"Entdecken Sie die majest\u00e4tische Sch\u00f6nheit Islands mit OPI Inspiriert von den Natruelementen, diese Kollektion bietet eine Reihe augenf\u00e4lliger, schicker Farbt\u00f6ne, welche die unversehrte Sch\u00f6hnheit Islands widerspiegeln. Von Moos \u00fcberzogene Lavafelder, schwarze Sandstr\u00e4nde und weitl\u00e4ufige Bergketten aus einzigartigen, vulkanischen Gesteinsformationen werden in symbolische Braun-, Dunkelgrau- und Khakigr\u00fcnt\u00f6ne \u00fcbersetzt. Wasser \u2013 in Form von heissen Quellen, Wasserf\u00e4llen &hellip; Continued\" \/>\n<meta property=\"og:url\" content=\"https:\/\/thenailbar.ch\/de\/produkte\/2017\/iceland-by-opi.html\" \/>\n<meta property=\"og:site_name\" content=\"The Nail Bar - Lausanne Genf Vevey Neuenburg Freiburg Monthey Biel Zuerich\" \/>\n<meta property=\"article:publisher\" content=\"https:\/\/www.facebook.com\/thenailbar.nail.switzerland\/\" \/>\n<meta property=\"article:published_time\" content=\"2017-08-31T09:11:25+00:00\" \/>\n<meta property=\"article:modified_time\" content=\"2023-10-05T13:43:36+00:00\" \/>\n<meta property=\"og:image\" content=\"https:\/\/thenailbar.ch\/wp2\/wp-content\/uploads\/2017\/08\/DCI26_Iceland-12pc-Nail-Lacquer-A-display.jpg\" \/>\n\t<meta property=\"og:image:width\" content=\"2048\" \/>\n\t<meta property=\"og:image:height\" content=\"1503\" \/>\n\t<meta property=\"og:image:type\" content=\"image\/jpeg\" \/>\n<meta name=\"author\" content=\"Rapha\u00ebl Cornuz\" \/>\n<meta name=\"twitter:card\" content=\"summary_large_image\" \/>\n<meta name=\"twitter:creator\" content=\"@TheNailBarSwiss\" \/>\n<meta name=\"twitter:site\" content=\"@TheNailBarSwiss\" \/>\n<meta name=\"twitter:label1\" content=\"Verfasst von\" \/>\n\t<meta name=\"twitter:data1\" content=\"Rapha\u00ebl Cornuz\" \/>\n\t<meta name=\"twitter:label2\" content=\"Gesch\u00e4tzte Lesezeit\" \/>\n\t<meta name=\"twitter:data2\" content=\"1\u00a0Minute\" \/>\n<script type=\"application\/ld+json\" class=\"yoast-schema-graph\">{\"@context\":\"https:\\\/\\\/schema.org\",\"@graph\":[{\"@type\":\"Article\",\"@id\":\"https:\\\/\\\/thenailbar.ch\\\/de\\\/produkte\\\/2017\\\/iceland-by-opi.html#article\",\"isPartOf\":{\"@id\":\"https:\\\/\\\/thenailbar.ch\\\/de\\\/produkte\\\/2017\\\/iceland-by-opi.html\"},\"author\":{\"name\":\"Rapha\u00ebl Cornuz\",\"@id\":\"https:\\\/\\\/thenailbar.ch\\\/de#\\\/schema\\\/person\\\/540c4e5d6c8983ee4cd66d8f4745c051\"},\"headline\":\"Iceland by OPI\",\"datePublished\":\"2017-08-31T09:11:25+00:00\",\"dateModified\":\"2023-10-05T13:43:36+00:00\",\"mainEntityOfPage\":{\"@id\":\"https:\\\/\\\/thenailbar.ch\\\/de\\\/produkte\\\/2017\\\/iceland-by-opi.html\"},\"wordCount\":143,\"commentCount\":0,\"publisher\":{\"@id\":\"https:\\\/\\\/thenailbar.ch\\\/de#organization\"},\"image\":{\"@id\":\"https:\\\/\\\/thenailbar.ch\\\/de\\\/produkte\\\/2017\\\/iceland-by-opi.html#primaryimage\"},\"thumbnailUrl\":\"https:\\\/\\\/thenailbar.ch\\\/wp2\\\/wp-content\\\/uploads\\\/2017\\\/08\\\/DCI26_Iceland-12pc-Nail-Lacquer-A-display.jpg\",\"keywords\":[\"opi\"],\"articleSection\":[\"Produkte\"],\"inLanguage\":\"de\",\"potentialAction\":[{\"@type\":\"CommentAction\",\"name\":\"Comment\",\"target\":[\"https:\\\/\\\/thenailbar.ch\\\/de\\\/produkte\\\/2017\\\/iceland-by-opi.html#respond\"]}]},{\"@type\":\"WebPage\",\"@id\":\"https:\\\/\\\/thenailbar.ch\\\/de\\\/produkte\\\/2017\\\/iceland-by-opi.html\",\"url\":\"https:\\\/\\\/thenailbar.ch\\\/de\\\/produkte\\\/2017\\\/iceland-by-opi.html\",\"name\":\"Iceland by OPI - The Nail Bar - Lausanne Genf Vevey Neuenburg Freiburg Monthey Biel Zuerich\",\"isPartOf\":{\"@id\":\"https:\\\/\\\/thenailbar.ch\\\/de#website\"},\"primaryImageOfPage\":{\"@id\":\"https:\\\/\\\/thenailbar.ch\\\/de\\\/produkte\\\/2017\\\/iceland-by-opi.html#primaryimage\"},\"image\":{\"@id\":\"https:\\\/\\\/thenailbar.ch\\\/de\\\/produkte\\\/2017\\\/iceland-by-opi.html#primaryimage\"},\"thumbnailUrl\":\"https:\\\/\\\/thenailbar.ch\\\/wp2\\\/wp-content\\\/uploads\\\/2017\\\/08\\\/DCI26_Iceland-12pc-Nail-Lacquer-A-display.jpg\",\"datePublished\":\"2017-08-31T09:11:25+00:00\",\"dateModified\":\"2023-10-05T13:43:36+00:00\",\"breadcrumb\":{\"@id\":\"https:\\\/\\\/thenailbar.ch\\\/de\\\/produkte\\\/2017\\\/iceland-by-opi.html#breadcrumb\"},\"inLanguage\":\"de\",\"potentialAction\":[{\"@type\":\"ReadAction\",\"target\":[\"https:\\\/\\\/thenailbar.ch\\\/de\\\/produkte\\\/2017\\\/iceland-by-opi.html\"]}]},{\"@type\":\"ImageObject\",\"inLanguage\":\"de\",\"@id\":\"https:\\\/\\\/thenailbar.ch\\\/de\\\/produkte\\\/2017\\\/iceland-by-opi.html#primaryimage\",\"url\":\"https:\\\/\\\/thenailbar.ch\\\/wp2\\\/wp-content\\\/uploads\\\/2017\\\/08\\\/DCI26_Iceland-12pc-Nail-Lacquer-A-display.jpg\",\"contentUrl\":\"https:\\\/\\\/thenailbar.ch\\\/wp2\\\/wp-content\\\/uploads\\\/2017\\\/08\\\/DCI26_Iceland-12pc-Nail-Lacquer-A-display.jpg\",\"width\":2048,\"height\":1503},{\"@type\":\"BreadcrumbList\",\"@id\":\"https:\\\/\\\/thenailbar.ch\\\/de\\\/produkte\\\/2017\\\/iceland-by-opi.html#breadcrumb\",\"itemListElement\":[{\"@type\":\"ListItem\",\"position\":1,\"name\":\"Accueil\",\"item\":\"https:\\\/\\\/thenailbar.ch\\\/de\"},{\"@type\":\"ListItem\",\"position\":2,\"name\":\"Iceland by OPI\"}]},{\"@type\":\"WebSite\",\"@id\":\"https:\\\/\\\/thenailbar.ch\\\/de#website\",\"url\":\"https:\\\/\\\/thenailbar.ch\\\/de\",\"name\":\"The Nail Bar - Sans ou Avec rendez-vous!\",\"description\":\"\u201cOhne oder Mit Termin!\u201d\",\"publisher\":{\"@id\":\"https:\\\/\\\/thenailbar.ch\\\/de#organization\"},\"alternateName\":\"The Nail Bar\",\"potentialAction\":[{\"@type\":\"SearchAction\",\"target\":{\"@type\":\"EntryPoint\",\"urlTemplate\":\"https:\\\/\\\/thenailbar.ch\\\/de?s={search_term_string}\"},\"query-input\":{\"@type\":\"PropertyValueSpecification\",\"valueRequired\":true,\"valueName\":\"search_term_string\"}}],\"inLanguage\":\"de\"},{\"@type\":\"Organization\",\"@id\":\"https:\\\/\\\/thenailbar.ch\\\/de#organization\",\"name\":\"The Nail Bar\",\"url\":\"https:\\\/\\\/thenailbar.ch\\\/de\",\"logo\":{\"@type\":\"ImageObject\",\"inLanguage\":\"de\",\"@id\":\"https:\\\/\\\/thenailbar.ch\\\/de#\\\/schema\\\/logo\\\/image\\\/\",\"url\":\"https:\\\/\\\/i0.wp.com\\\/thenailbar.ch\\\/wp2\\\/wp-content\\\/uploads\\\/2018\\\/09\\\/android-chrome-192x192.png?fit=192%2C192&ssl=1\",\"contentUrl\":\"https:\\\/\\\/i0.wp.com\\\/thenailbar.ch\\\/wp2\\\/wp-content\\\/uploads\\\/2018\\\/09\\\/android-chrome-192x192.png?fit=192%2C192&ssl=1\",\"width\":192,\"height\":192,\"caption\":\"The Nail Bar\"},\"image\":{\"@id\":\"https:\\\/\\\/thenailbar.ch\\\/de#\\\/schema\\\/logo\\\/image\\\/\"},\"sameAs\":[\"https:\\\/\\\/www.facebook.com\\\/thenailbar.nail.switzerland\\\/\",\"https:\\\/\\\/x.com\\\/TheNailBarSwiss\",\"https:\\\/\\\/www.instagram.com\\\/thenailbarswitzerland\\\/\",\"https:\\\/\\\/www.pinterest.ch\\\/thenailbarswitzerland\\\/\",\"https:\\\/\\\/www.youtube.com\\\/channel\\\/UCAZSdCTBJp-1F91xL1wZHQg\"]},{\"@type\":\"Person\",\"@id\":\"https:\\\/\\\/thenailbar.ch\\\/de#\\\/schema\\\/person\\\/540c4e5d6c8983ee4cd66d8f4745c051\",\"name\":\"Rapha\u00ebl Cornuz\",\"image\":{\"@type\":\"ImageObject\",\"inLanguage\":\"de\",\"@id\":\"https:\\\/\\\/secure.gravatar.com\\\/avatar\\\/8ba2434b1e1b40a90131bc1f1ecafd649730f36aca8c8ecb3e2d5899593b4165?s=96&d=mm&r=g\",\"url\":\"https:\\\/\\\/secure.gravatar.com\\\/avatar\\\/8ba2434b1e1b40a90131bc1f1ecafd649730f36aca8c8ecb3e2d5899593b4165?s=96&d=mm&r=g\",\"contentUrl\":\"https:\\\/\\\/secure.gravatar.com\\\/avatar\\\/8ba2434b1e1b40a90131bc1f1ecafd649730f36aca8c8ecb3e2d5899593b4165?s=96&d=mm&r=g\",\"caption\":\"Rapha\u00ebl Cornuz\"},\"sameAs\":[\"https:\\\/\\\/cornuz.com\"]}]}<\/script>\n<!-- \/ Yoast SEO plugin. -->","yoast_head_json":{"title":"Iceland by OPI - The Nail Bar - Lausanne Genf Vevey Neuenburg Freiburg Monthey Biel Zuerich","robots":{"index":"index","follow":"follow","max-snippet":"max-snippet:-1","max-image-preview":"max-image-preview:large","max-video-preview":"max-video-preview:-1"},"canonical":"https:\/\/thenailbar.ch\/de\/produkte\/2017\/iceland-by-opi.html","og_locale":"de_DE","og_type":"article","og_title":"Iceland by OPI - The Nail Bar - Lausanne Genf Vevey Neuenburg Freiburg Monthey Biel Zuerich","og_description":"Entdecken Sie die majest\u00e4tische Sch\u00f6nheit Islands mit OPI Inspiriert von den Natruelementen, diese Kollektion bietet eine Reihe augenf\u00e4lliger, schicker Farbt\u00f6ne, welche die unversehrte Sch\u00f6hnheit Islands widerspiegeln. Von Moos \u00fcberzogene Lavafelder, schwarze Sandstr\u00e4nde und weitl\u00e4ufige Bergketten aus einzigartigen, vulkanischen Gesteinsformationen werden in symbolische Braun-, Dunkelgrau- und Khakigr\u00fcnt\u00f6ne \u00fcbersetzt. Wasser \u2013 in Form von heissen Quellen, Wasserf\u00e4llen &hellip; Continued","og_url":"https:\/\/thenailbar.ch\/de\/produkte\/2017\/iceland-by-opi.html","og_site_name":"The Nail Bar - Lausanne Genf Vevey Neuenburg Freiburg Monthey Biel Zuerich","article_publisher":"https:\/\/www.facebook.com\/thenailbar.nail.switzerland\/","article_published_time":"2017-08-31T09:11:25+00:00","article_modified_time":"2023-10-05T13:43:36+00:00","og_image":[{"width":2048,"height":1503,"url":"https:\/\/thenailbar.ch\/wp2\/wp-content\/uploads\/2017\/08\/DCI26_Iceland-12pc-Nail-Lacquer-A-display.jpg","type":"image\/jpeg"}],"author":"Rapha\u00ebl Cornuz","twitter_card":"summary_large_image","twitter_creator":"@TheNailBarSwiss","twitter_site":"@TheNailBarSwiss","twitter_misc":{"Verfasst von":"Rapha\u00ebl Cornuz","Gesch\u00e4tzte Lesezeit":"1\u00a0Minute"},"schema":{"@context":"https:\/\/schema.org","@graph":[{"@type":"Article","@id":"https:\/\/thenailbar.ch\/de\/produkte\/2017\/iceland-by-opi.html#article","isPartOf":{"@id":"https:\/\/thenailbar.ch\/de\/produkte\/2017\/iceland-by-opi.html"},"author":{"name":"Rapha\u00ebl Cornuz","@id":"https:\/\/thenailbar.ch\/de#\/schema\/person\/540c4e5d6c8983ee4cd66d8f4745c051"},"headline":"Iceland by OPI","datePublished":"2017-08-31T09:11:25+00:00","dateModified":"2023-10-05T13:43:36+00:00","mainEntityOfPage":{"@id":"https:\/\/thenailbar.ch\/de\/produkte\/2017\/iceland-by-opi.html"},"wordCount":143,"commentCount":0,"publisher":{"@id":"https:\/\/thenailbar.ch\/de#organization"},"image":{"@id":"https:\/\/thenailbar.ch\/de\/produkte\/2017\/iceland-by-opi.html#primaryimage"},"thumbnailUrl":"https:\/\/thenailbar.ch\/wp2\/wp-content\/uploads\/2017\/08\/DCI26_Iceland-12pc-Nail-Lacquer-A-display.jpg","keywords":["opi"],"articleSection":["Produkte"],"inLanguage":"de","potentialAction":[{"@type":"CommentAction","name":"Comment","target":["https:\/\/thenailbar.ch\/de\/produkte\/2017\/iceland-by-opi.html#respond"]}]},{"@type":"WebPage","@id":"https:\/\/thenailbar.ch\/de\/produkte\/2017\/iceland-by-opi.html","url":"https:\/\/thenailbar.ch\/de\/produkte\/2017\/iceland-by-opi.html","name":"Iceland by OPI - The Nail Bar - Lausanne Genf Vevey Neuenburg Freiburg Monthey Biel Zuerich","isPartOf":{"@id":"https:\/\/thenailbar.ch\/de#website"},"primaryImageOfPage":{"@id":"https:\/\/thenailbar.ch\/de\/produkte\/2017\/iceland-by-opi.html#primaryimage"},"image":{"@id":"https:\/\/thenailbar.ch\/de\/produkte\/2017\/iceland-by-opi.html#primaryimage"},"thumbnailUrl":"https:\/\/thenailbar.ch\/wp2\/wp-content\/uploads\/2017\/08\/DCI26_Iceland-12pc-Nail-Lacquer-A-display.jpg","datePublished":"2017-08-31T09:11:25+00:00","dateModified":"2023-10-05T13:43:36+00:00","breadcrumb":{"@id":"https:\/\/thenailbar.ch\/de\/produkte\/2017\/iceland-by-opi.html#breadcrumb"},"inLanguage":"de","potentialAction":[{"@type":"ReadAction","target":["https:\/\/thenailbar.ch\/de\/produkte\/2017\/iceland-by-opi.html"]}]},{"@type":"ImageObject","inLanguage":"de","@id":"https:\/\/thenailbar.ch\/de\/produkte\/2017\/iceland-by-opi.html#primaryimage","url":"https:\/\/thenailbar.ch\/wp2\/wp-content\/uploads\/2017\/08\/DCI26_Iceland-12pc-Nail-Lacquer-A-display.jpg","contentUrl":"https:\/\/thenailbar.ch\/wp2\/wp-content\/uploads\/2017\/08\/DCI26_Iceland-12pc-Nail-Lacquer-A-display.jpg","width":2048,"height":1503},{"@type":"BreadcrumbList","@id":"https:\/\/thenailbar.ch\/de\/produkte\/2017\/iceland-by-opi.html#breadcrumb","itemListElement":[{"@type":"ListItem","position":1,"name":"Accueil","item":"https:\/\/thenailbar.ch\/de"},{"@type":"ListItem","position":2,"name":"Iceland by OPI"}]},{"@type":"WebSite","@id":"https:\/\/thenailbar.ch\/de#website","url":"https:\/\/thenailbar.ch\/de","name":"The Nail Bar - Sans ou Avec rendez-vous!","description":"\u201cOhne oder Mit Termin!\u201d","publisher":{"@id":"https:\/\/thenailbar.ch\/de#organization"},"alternateName":"The Nail Bar","potentialAction":[{"@type":"SearchAction","target":{"@type":"EntryPoint","urlTemplate":"https:\/\/thenailbar.ch\/de?s={search_term_string}"},"query-input":{"@type":"PropertyValueSpecification","valueRequired":true,"valueName":"search_term_string"}}],"inLanguage":"de"},{"@type":"Organization","@id":"https:\/\/thenailbar.ch\/de#organization","name":"The Nail Bar","url":"https:\/\/thenailbar.ch\/de","logo":{"@type":"ImageObject","inLanguage":"de","@id":"https:\/\/thenailbar.ch\/de#\/schema\/logo\/image\/","url":"https:\/\/i0.wp.com\/thenailbar.ch\/wp2\/wp-content\/uploads\/2018\/09\/android-chrome-192x192.png?fit=192%2C192&ssl=1","contentUrl":"https:\/\/i0.wp.com\/thenailbar.ch\/wp2\/wp-content\/uploads\/2018\/09\/android-chrome-192x192.png?fit=192%2C192&ssl=1","width":192,"height":192,"caption":"The Nail Bar"},"image":{"@id":"https:\/\/thenailbar.ch\/de#\/schema\/logo\/image\/"},"sameAs":["https:\/\/www.facebook.com\/thenailbar.nail.switzerland\/","https:\/\/x.com\/TheNailBarSwiss","https:\/\/www.instagram.com\/thenailbarswitzerland\/","https:\/\/www.pinterest.ch\/thenailbarswitzerland\/","https:\/\/www.youtube.com\/channel\/UCAZSdCTBJp-1F91xL1wZHQg"]},{"@type":"Person","@id":"https:\/\/thenailbar.ch\/de#\/schema\/person\/540c4e5d6c8983ee4cd66d8f4745c051","name":"Rapha\u00ebl Cornuz","image":{"@type":"ImageObject","inLanguage":"de","@id":"https:\/\/secure.gravatar.com\/avatar\/8ba2434b1e1b40a90131bc1f1ecafd649730f36aca8c8ecb3e2d5899593b4165?s=96&d=mm&r=g","url":"https:\/\/secure.gravatar.com\/avatar\/8ba2434b1e1b40a90131bc1f1ecafd649730f36aca8c8ecb3e2d5899593b4165?s=96&d=mm&r=g","contentUrl":"https:\/\/secure.gravatar.com\/avatar\/8ba2434b1e1b40a90131bc1f1ecafd649730f36aca8c8ecb3e2d5899593b4165?s=96&d=mm&r=g","caption":"Rapha\u00ebl Cornuz"},"sameAs":["https:\/\/cornuz.com"]}]}},"jetpack_publicize_connections":[],"jetpack_featured_media_url":"https:\/\/thenailbar.ch\/wp2\/wp-content\/uploads\/2017\/08\/DCI26_Iceland-12pc-Nail-Lacquer-A-display.jpg","jetpack_sharing_enabled":true,"jetpack-related-posts":[],"jetpack_shortlink":"https:\/\/wp.me\/patLF0-12G","_links":{"self":[{"href":"https:\/\/thenailbar.ch\/de\/wp-json\/wp\/v2\/posts\/4010","targetHints":{"allow":["GET"]}}],"collection":[{"href":"https:\/\/thenailbar.ch\/de\/wp-json\/wp\/v2\/posts"}],"about":[{"href":"https:\/\/thenailbar.ch\/de\/wp-json\/wp\/v2\/types\/post"}],"author":[{"embeddable":true,"href":"https:\/\/thenailbar.ch\/de\/wp-json\/wp\/v2\/users\/1"}],"replies":[{"embeddable":true,"href":"https:\/\/thenailbar.ch\/de\/wp-json\/wp\/v2\/comments?post=4010"}],"version-history":[{"count":1,"href":"https:\/\/thenailbar.ch\/de\/wp-json\/wp\/v2\/posts\/4010\/revisions"}],"predecessor-version":[{"id":16081,"href":"https:\/\/thenailbar.ch\/de\/wp-json\/wp\/v2\/posts\/4010\/revisions\/16081"}],"wp:featuredmedia":[{"embeddable":true,"href":"https:\/\/thenailbar.ch\/de\/wp-json\/wp\/v2\/media\/4012"}],"wp:attachment":[{"href":"https:\/\/thenailbar.ch\/de\/wp-json\/wp\/v2\/media?parent=4010"}],"wp:term":[{"taxonomy":"category","embeddable":true,"href":"https:\/\/thenailbar.ch\/de\/wp-json\/wp\/v2\/categories?post=4010"},{"taxonomy":"post_tag","embeddable":true,"href":"https:\/\/thenailbar.ch\/de\/wp-json\/wp\/v2\/tags?post=4010"}],"curies":[{"name":"wp","href":"https:\/\/api.w.org\/{rel}","templated":true}]}}