{"id":17219,"date":"2025-03-19T17:38:46","date_gmt":"2025-03-19T16:38:46","guid":{"rendered":"https:\/\/thenailbar.ch\/?p=17219"},"modified":"2025-03-19T17:38:53","modified_gmt":"2025-03-19T16:38:53","slug":"opi-im-dreaming-die-neue-fruehjahrskollektion-2025","status":"publish","type":"post","link":"https:\/\/thenailbar.ch\/de\/produkte\/2025\/opi-im-dreaming-die-neue-fruehjahrskollektion-2025.html","title":{"rendered":"OPI&#8217;m Dreaming: Die neue Fr\u00fchjahrskollektion 2025, die Sie zum Tr\u00e4umen bringen wird!"},"content":{"rendered":"\n<figure class=\"wp-block-embed is-type-video is-provider-youtube wp-block-embed-youtube wp-embed-aspect-16-9 wp-has-aspect-ratio\"><div class=\"wp-block-embed__wrapper\">\n<iframe loading=\"lazy\" title=\"OPI&#039;m Dreaming : La Nouvelle Collection Printemps 2025 qui Va Vous Faire R\u00eaver!\" width=\"500\" height=\"281\" src=\"https:\/\/www.youtube.com\/embed\/Pgn1sT4XGGM?feature=oembed\" frameborder=\"0\" allow=\"accelerometer; autoplay; clipboard-write; encrypted-media; gyroscope; picture-in-picture; web-share\" referrerpolicy=\"strict-origin-when-cross-origin\" allowfullscreen><\/iframe>\n<\/div><\/figure>\n\n\n\n<div style=\"height:45px\" aria-hidden=\"true\" class=\"wp-block-spacer\"><\/div>\n\n\n\n<p class=\"has-medium-font-size\"><\/p>\n\n\n\n<p><strong>Machen Sie sich bereit, in eine Welt voller Pastellfarben und schimmernder Reflexe einzutauchen &#8211; mit der brandneuen OPI&#8217;m Dreaming-Kollektion!<\/strong><\/p>\n\n\n\n<p><\/p>\n\n\n\n<p class=\"has-medium-font-size\"><\/p>\n\n\n\n<p>In diesem Fr\u00fchjahr entf\u00fchrt uns <a href=\"https:\/\/thenailbar.ch\/de\/the_marques\/opi\"><strong>OPI<\/strong> <\/a>in einen traumhaften Salon, in dem magische Formeln unsere H\u00e4nde wie auf Wolken schweben lassen. Wir bieten 6 Farbt\u00f6ne aus der <strong>OPI&#8217;m Dreaming<\/strong> Kollektion an.<\/p>\n\n\n\n<p><\/p>\n\n\n\n<div style=\"height:30px\" aria-hidden=\"true\" class=\"wp-block-spacer\"><\/div>\n\n\n\n<figure class=\"wp-block-image size-full is-style-rounded\"><img loading=\"lazy\" decoding=\"async\" width=\"1000\" height=\"220\" src=\"https:\/\/thenailbar.ch\/wp2\/wp-content\/uploads\/2025\/03\/OPI-SP25-visuel2-lowres.jpg\" alt=\"OPI'm Dreaming: Bezaubernde Farben\" class=\"wp-image-17255\" style=\"object-fit:cover\" srcset=\"https:\/\/thenailbar.ch\/wp2\/wp-content\/uploads\/2025\/03\/OPI-SP25-visuel2-lowres.jpg 1000w, https:\/\/thenailbar.ch\/wp2\/wp-content\/uploads\/2025\/03\/OPI-SP25-visuel2-lowres-260x57.jpg 260w, https:\/\/thenailbar.ch\/wp2\/wp-content\/uploads\/2025\/03\/OPI-SP25-visuel2-lowres-560x123.jpg 560w, https:\/\/thenailbar.ch\/wp2\/wp-content\/uploads\/2025\/03\/OPI-SP25-visuel2-lowres-768x169.jpg 768w\" sizes=\"(max-width: 1000px) 100vw, 1000px\" \/><\/figure>\n\n\n\n<h2 class=\"wp-block-heading\">Bet\u00f6rende Farben<\/h2>\n\n\n\n<p><\/p>\n\n\n\n<p>Die<strong> OPI&#8217;m Dreaming<\/strong> Palette erkundet den Dreamcore-Trend mit romantischen und surrealistischen Nuancen. Die Farben heben Gr\u00fcnt\u00f6ne hervor, die von verwunschenen G\u00e4rten inspiriert sind, und leuchtende Fr\u00fchlingst\u00f6ne.<\/p>\n\n\n\n<p><\/p>\n\n\n\n<p>Cremiges Panna Cotta und schimmerndes Flieder verleihen der Kollektion einen mythischen und m\u00e4rchenhaften Touch. Die warmen, schimmernden Wei\u00df- und Graut\u00f6ne erinnern an sanfte Wolken.<\/p>\n\n\n\n<div style=\"height:30px\" aria-hidden=\"true\" class=\"wp-block-spacer\"><\/div>\n\n\n\n<figure class=\"wp-block-image size-full is-style-rounded\"><img loading=\"lazy\" decoding=\"async\" width=\"1000\" height=\"220\" src=\"https:\/\/thenailbar.ch\/wp2\/wp-content\/uploads\/2025\/03\/OPI-SP25-visuel3-lowres.jpg\" alt=\"OPI'm Dreaming: Ein Formel-Traum\" class=\"wp-image-17258\" style=\"object-fit:cover\" srcset=\"https:\/\/thenailbar.ch\/wp2\/wp-content\/uploads\/2025\/03\/OPI-SP25-visuel3-lowres.jpg 1000w, https:\/\/thenailbar.ch\/wp2\/wp-content\/uploads\/2025\/03\/OPI-SP25-visuel3-lowres-260x57.jpg 260w, https:\/\/thenailbar.ch\/wp2\/wp-content\/uploads\/2025\/03\/OPI-SP25-visuel3-lowres-560x123.jpg 560w, https:\/\/thenailbar.ch\/wp2\/wp-content\/uploads\/2025\/03\/OPI-SP25-visuel3-lowres-768x169.jpg 768w\" sizes=\"(max-width: 1000px) 100vw, 1000px\" \/><\/figure>\n\n\n\n<h2 class=\"wp-block-heading\">Ein Formel-Traum<\/h2>\n\n\n\n<p><\/p>\n\n\n\n<p>Mit der halbtransparenten Formel dieser Lacke k\u00f6nnen Sie einen subtilen Effekt oder ein intensiveres Ergebnis erzielen. Wie Jill Bartoshevich, <strong><a href=\"https:\/\/thenailbar.ch\/de\/the_marques\/opi\">OPI<\/a><\/strong> Global Director of Color Equity, erw\u00e4hnt, eignet sich die Formel perfekt f\u00fcr die aktuellen <em>Watercolor-<\/em> und <em>Aura-Nailart-<\/em>Trends.<\/p>\n\n\n\n<p><\/p>\n\n\n\n<h3 class=\"wp-block-heading\">Trend <strong>#watercolornails<\/strong> (Fingern\u00e4gel Aquarelle)<\/h3>\n\n\n\n<p><\/p>\n\n\n\n<p>Inspiriert von der Aquarell-Maltechnik, zeichnet sich dieser Trend durch weiche, durchscheinende Farben aus, die harmonisch ineinander \u00fcbergehen und einen dunstigen, traumhaften Effekt erzeugen. Die M\u00f6glichkeiten sind endlos und reichen von zarten Blumenmustern bis hin zu farbenfrohen Abstraktionen. Auf <a href=\"https:\/\/www.instagram.com\/explore\/tags\/watercolornails\/\" target=\"_blank\" rel=\"noreferrer noopener\">Instagram<\/a> und <a href=\"https:\/\/www.tiktok.com\/search?q=watercolornails\">TikTok<\/a>.<\/p>\n\n\n\n<p><\/p>\n\n\n\n<h3 class=\"wp-block-heading\">Trend <strong> #auranails<\/strong> (Fingern\u00e4gel Aura)<\/h3>\n\n\n\n<p><\/p>\n\n\n\n<p>Aura-N\u00e4gel sind vom Konzept der energetischen Auren inspiriert, den farbigen Feldern, die angeblich jedes Lebewesen umgeben. Auf den N\u00e4geln \u00e4u\u00dfert sich dies in einem sanften, vibrierenden Farbverlauf, der oft um die Mitte des Nagels zentriert ist und einen mystischen, bezaubernden Effekt erzeugt. Auf <a href=\"https:\/\/www.instagram.com\/explore\/tags\/auranails\/\" target=\"_blank\" rel=\"noreferrer noopener\">Instagram<\/a> und <a href=\"https:\/\/www.tiktok.com\/search?q=auranails\" target=\"_blank\" rel=\"noreferrer noopener\">TikTok<\/a>.<\/p>\n\n\n\n<p><\/p>\n\n\n\n<div style=\"height:30px\" aria-hidden=\"true\" class=\"wp-block-spacer\"><\/div>\n\n\n\n<figure class=\"wp-block-image size-full is-style-rounded\"><img loading=\"lazy\" decoding=\"async\" width=\"1000\" height=\"220\" src=\"https:\/\/thenailbar.ch\/wp2\/wp-content\/uploads\/2025\/03\/OPI-SP25-visuel1-lowres.jpg\" alt=\"OPI'm Dreaming : Die 6 Farben, die wir gew\u00e4hlt haben\" class=\"wp-image-17252\" style=\"object-fit:cover\" srcset=\"https:\/\/thenailbar.ch\/wp2\/wp-content\/uploads\/2025\/03\/OPI-SP25-visuel1-lowres.jpg 1000w, https:\/\/thenailbar.ch\/wp2\/wp-content\/uploads\/2025\/03\/OPI-SP25-visuel1-lowres-260x57.jpg 260w, https:\/\/thenailbar.ch\/wp2\/wp-content\/uploads\/2025\/03\/OPI-SP25-visuel1-lowres-560x123.jpg 560w, https:\/\/thenailbar.ch\/wp2\/wp-content\/uploads\/2025\/03\/OPI-SP25-visuel1-lowres-768x169.jpg 768w\" sizes=\"(max-width: 1000px) 100vw, 1000px\" \/><\/figure>\n\n\n\n<h2 class=\"wp-block-heading\">Die 6 Farben, die wir gew\u00e4hlt haben :<\/h2>\n\n\n\n<p><\/p>\n\n\n\n<p>Die <strong>OPI&#8217;m Dreaming Spring 2025 Collection<\/strong> f\u00fchrt eine Kollektion schimmernder, modulierbarer, halbtransparenter Pastellt\u00f6ne ein, die Sie vom Sonnenaufgang bis zum Sonnenuntergang tr\u00e4umen lassen.<\/p>\n\n\n\n<p><\/p>\n\n\n\n<figure class=\"wp-block-gallery has-nested-images columns-default is-cropped wp-block-gallery-1 is-layout-flex wp-block-gallery-is-layout-flex\">\n<figure class=\"wp-block-image size-large\"><img loading=\"lazy\" decoding=\"async\" width=\"560\" height=\"694\" data-id=\"17233\" src=\"https:\/\/thenailbar.ch\/wp2\/wp-content\/uploads\/2025\/03\/SP25_appointmint_confirmed-560x694.jpg\" alt=\"AppointMINT Confirmed: Ein weiches, cremiges Mintgr\u00fcn, das an die Frische eines Fr\u00fchlingsgartens und die Gelassenheit eines entspannten Moments erinnert.\" class=\"wp-image-17233\" srcset=\"https:\/\/thenailbar.ch\/wp2\/wp-content\/uploads\/2025\/03\/SP25_appointmint_confirmed-560x694.jpg 560w, https:\/\/thenailbar.ch\/wp2\/wp-content\/uploads\/2025\/03\/SP25_appointmint_confirmed-157x195.jpg 157w, https:\/\/thenailbar.ch\/wp2\/wp-content\/uploads\/2025\/03\/SP25_appointmint_confirmed.jpg 750w\" sizes=\"(max-width: 560px) 100vw, 560px\" \/><\/figure>\n\n\n\n<figure class=\"wp-block-image size-large\"><img loading=\"lazy\" decoding=\"async\" width=\"560\" height=\"694\" data-id=\"17229\" src=\"https:\/\/thenailbar.ch\/wp2\/wp-content\/uploads\/2025\/03\/SP25_welcome_to_your_whirl-560x694.jpg\" alt=\"Welcome to Your Whirl: Ein warmes, schimmerndes Wei\u00df, das an die Sanftheit und Reinheit von Wolken erinnert.\" class=\"wp-image-17229\" srcset=\"https:\/\/thenailbar.ch\/wp2\/wp-content\/uploads\/2025\/03\/SP25_welcome_to_your_whirl-560x694.jpg 560w, https:\/\/thenailbar.ch\/wp2\/wp-content\/uploads\/2025\/03\/SP25_welcome_to_your_whirl-157x195.jpg 157w, https:\/\/thenailbar.ch\/wp2\/wp-content\/uploads\/2025\/03\/SP25_welcome_to_your_whirl.jpg 750w\" sizes=\"(max-width: 560px) 100vw, 560px\" \/><\/figure>\n\n\n\n<figure class=\"wp-block-image size-large\"><img loading=\"lazy\" decoding=\"async\" width=\"560\" height=\"694\" data-id=\"17239\" src=\"https:\/\/thenailbar.ch\/wp2\/wp-content\/uploads\/2025\/03\/SP25_keep_it_surreal-560x694.jpg\" alt=\"Keep It Surreal: Ein knalliges, leuchtendes Orange.\" class=\"wp-image-17239\" srcset=\"https:\/\/thenailbar.ch\/wp2\/wp-content\/uploads\/2025\/03\/SP25_keep_it_surreal-560x694.jpg 560w, https:\/\/thenailbar.ch\/wp2\/wp-content\/uploads\/2025\/03\/SP25_keep_it_surreal-157x195.jpg 157w, https:\/\/thenailbar.ch\/wp2\/wp-content\/uploads\/2025\/03\/SP25_keep_it_surreal-768x951.jpg 768w, https:\/\/thenailbar.ch\/wp2\/wp-content\/uploads\/2025\/03\/SP25_keep_it_surreal.jpg 1080w\" sizes=\"(max-width: 560px) 100vw, 560px\" \/><\/figure>\n\n\n\n<figure class=\"wp-block-image size-large is-style-default\"><img loading=\"lazy\" decoding=\"async\" width=\"560\" height=\"694\" data-id=\"17227\" src=\"https:\/\/thenailbar.ch\/wp2\/wp-content\/uploads\/2025\/03\/SP25_air_we_go-560x694.jpg\" alt=\"Air We Go: Ein sanftes, schimmerndes Himmelblau, das an die Leichtigkeit eines Traums und die Klarheit eines Fr\u00fchlingshimmels erinnert.\" class=\"wp-image-17227\" srcset=\"https:\/\/thenailbar.ch\/wp2\/wp-content\/uploads\/2025\/03\/SP25_air_we_go-560x694.jpg 560w, https:\/\/thenailbar.ch\/wp2\/wp-content\/uploads\/2025\/03\/SP25_air_we_go-157x195.jpg 157w, https:\/\/thenailbar.ch\/wp2\/wp-content\/uploads\/2025\/03\/SP25_air_we_go.jpg 750w\" sizes=\"(max-width: 560px) 100vw, 560px\" \/><\/figure>\n\n\n\n<figure class=\"wp-block-image size-full\"><img loading=\"lazy\" decoding=\"async\" width=\"384\" height=\"476\" data-id=\"17224\" src=\"https:\/\/thenailbar.ch\/wp2\/wp-content\/uploads\/2025\/03\/SP25_mirror_mirror_on_the_awe.jpg\" alt=\"Mirror, Mirror on the Awe: Ein schimmernder Sandton mit irisierenden Reflexen.\" class=\"wp-image-17224\" srcset=\"https:\/\/thenailbar.ch\/wp2\/wp-content\/uploads\/2025\/03\/SP25_mirror_mirror_on_the_awe.jpg 384w, https:\/\/thenailbar.ch\/wp2\/wp-content\/uploads\/2025\/03\/SP25_mirror_mirror_on_the_awe-157x195.jpg 157w\" sizes=\"(max-width: 384px) 100vw, 384px\" \/><\/figure>\n\n\n\n<figure class=\"wp-block-image size-full\"><img loading=\"lazy\" decoding=\"async\" width=\"384\" height=\"476\" data-id=\"17228\" src=\"https:\/\/thenailbar.ch\/wp2\/wp-content\/uploads\/2025\/03\/SP25_reoccurin_gleam.jpg\" alt=\"Reoccurin' Gleam: Ein zartes, leuchtendes Rosa, das den Glanz eines kostbaren Traums einf\u00e4ngt.\" class=\"wp-image-17228\" srcset=\"https:\/\/thenailbar.ch\/wp2\/wp-content\/uploads\/2025\/03\/SP25_reoccurin_gleam.jpg 384w, https:\/\/thenailbar.ch\/wp2\/wp-content\/uploads\/2025\/03\/SP25_reoccurin_gleam-157x195.jpg 157w\" sizes=\"(max-width: 384px) 100vw, 384px\" \/><\/figure>\n<\/figure>\n\n\n\n<h3 class=\"wp-block-heading\"><p><strong>Also, welche Farbe OPI&#8217;m Dreaming Neue Fr\u00fchlingskollektion 2025 wird Sie diesen Fr\u00fchling begeistern?<\/strong><\/p><\/h3>\n\n\n\n<p><\/p>\n\n\n\n<p>Z\u00f6gern Sie nicht, Ihre <strong>OPI&#8217;m Dreaming<\/strong>-Looks auf Instagram zu teilen, indem Sie <a href=\"https:\/\/www.instagram.com\/thenailbarswitzerland\/\" target=\"_blank\" rel=\"noopener\"><strong>@thenailbarswitzerland<\/strong><\/a> taggen!<\/p>\n\n\n\n<p><\/p>\n","protected":false},"excerpt":{"rendered":"<p>Machen Sie sich bereit, in eine Welt voller Pastellfarben und schimmernder Reflexe einzutauchen &#8211; mit der brandneuen OPI&#8217;m Dreaming-Kollektion! In diesem Fr\u00fchjahr entf\u00fchrt uns OPI in einen traumhaften Salon, in dem magische Formeln unsere H\u00e4nde wie auf Wolken schweben lassen. Wir bieten 6 Farbt\u00f6ne aus der OPI&#8217;m Dreaming Kollektion an. Bet\u00f6rende Farben Die OPI&#8217;m Dreaming &hellip; <a href=\"https:\/\/thenailbar.ch\/de\/produkte\/2025\/opi-im-dreaming-die-neue-fruehjahrskollektion-2025.html\">Continued<\/a><\/p>\n","protected":false},"author":1,"featured_media":17272,"comment_status":"open","ping_status":"open","sticky":false,"template":"","format":"standard","meta":{"_acf_changed":false,"_et_pb_use_builder":"","_et_pb_old_content":"","_et_gb_content_width":"","jetpack_post_was_ever_published":false,"_jetpack_newsletter_access":"","_jetpack_dont_email_post_to_subs":false,"_jetpack_newsletter_tier_id":0,"_jetpack_memberships_contains_paywalled_content":false,"_jetpack_memberships_contains_paid_content":false,"footnotes":"","jetpack_publicize_message":"","jetpack_publicize_feature_enabled":false,"jetpack_social_post_already_shared":false,"jetpack_social_options":{"image_generator_settings":{"template":"highway","enabled":false},"version":2}},"categories":[262],"tags":[331,159,330],"class_list":["post-17219","post","type-post","status-publish","format-standard","has-post-thumbnail","hentry","category-produkte","tag-auranails-de","tag-marke-opi","tag-watercolornails-de"],"acf":[],"yoast_head":"<!-- This site is optimized with the Yoast SEO plugin v27.5 - https:\/\/yoast.com\/product\/yoast-seo-wordpress\/ -->\n<title>OPI&#039;m Dreaming: Die neue Fr\u00fchjahrskollektion 2025<\/title>\n<meta name=\"description\" content=\"Tauchen Sie ein in eine Welt voller schillernder Pastellfarben und traumhafter Schattierungen. #watercolornails , #auranails ...\" \/>\n<meta name=\"robots\" content=\"index, follow, max-snippet:-1, max-image-preview:large, max-video-preview:-1\" \/>\n<link rel=\"canonical\" href=\"https:\/\/thenailbar.ch\/de\/produkte\/2025\/opi-im-dreaming-die-neue-fruehjahrskollektion-2025.html\" \/>\n<meta property=\"og:locale\" content=\"de_DE\" \/>\n<meta property=\"og:type\" content=\"article\" \/>\n<meta property=\"og:title\" content=\"OPI&#039;m Dreaming: Die neue Fr\u00fchjahrskollektion 2025\" \/>\n<meta property=\"og:description\" content=\"Tauchen Sie ein in eine Welt voller schillernder Pastellfarben und traumhafter Schattierungen. #watercolornails , #auranails ...\" \/>\n<meta property=\"og:url\" content=\"https:\/\/thenailbar.ch\/de\/produkte\/2025\/opi-im-dreaming-die-neue-fruehjahrskollektion-2025.html\" \/>\n<meta property=\"og:site_name\" content=\"The Nail Bar - Lausanne Genf Vevey Neuenburg Freiburg Monthey Biel Zuerich\" \/>\n<meta property=\"article:publisher\" content=\"https:\/\/www.facebook.com\/thenailbar.nail.switzerland\/\" \/>\n<meta property=\"article:published_time\" content=\"2025-03-19T16:38:46+00:00\" \/>\n<meta property=\"article:modified_time\" content=\"2025-03-19T16:38:53+00:00\" \/>\n<meta property=\"og:image\" content=\"https:\/\/thenailbar.ch\/wp2\/wp-content\/uploads\/2025\/03\/TNB-PRODUCT-25-010-OPI-ImDreaming-WPcover.jpg\" \/>\n\t<meta property=\"og:image:width\" content=\"2160\" \/>\n\t<meta property=\"og:image:height\" content=\"1020\" \/>\n\t<meta property=\"og:image:type\" content=\"image\/jpeg\" \/>\n<meta name=\"author\" content=\"Rapha\u00ebl Cornuz\" \/>\n<meta name=\"twitter:card\" content=\"summary_large_image\" \/>\n<meta name=\"twitter:creator\" content=\"@TheNailBarSwiss\" \/>\n<meta name=\"twitter:site\" content=\"@TheNailBarSwiss\" \/>\n<meta name=\"twitter:label1\" content=\"Verfasst von\" \/>\n\t<meta name=\"twitter:data1\" content=\"Rapha\u00ebl Cornuz\" \/>\n\t<meta name=\"twitter:label2\" content=\"Gesch\u00e4tzte Lesezeit\" \/>\n\t<meta name=\"twitter:data2\" content=\"4\u00a0Minuten\" \/>\n<script type=\"application\/ld+json\" class=\"yoast-schema-graph\">{\"@context\":\"https:\\\/\\\/schema.org\",\"@graph\":[{\"@type\":\"Article\",\"@id\":\"https:\\\/\\\/thenailbar.ch\\\/de\\\/produkte\\\/2025\\\/opi-im-dreaming-die-neue-fruehjahrskollektion-2025.html#article\",\"isPartOf\":{\"@id\":\"https:\\\/\\\/thenailbar.ch\\\/de\\\/produkte\\\/2025\\\/opi-im-dreaming-die-neue-fruehjahrskollektion-2025.html\"},\"author\":{\"name\":\"Rapha\u00ebl Cornuz\",\"@id\":\"https:\\\/\\\/thenailbar.ch\\\/de#\\\/schema\\\/person\\\/540c4e5d6c8983ee4cd66d8f4745c051\"},\"headline\":\"OPI&#8217;m Dreaming: Die neue Fr\u00fchjahrskollektion 2025, die Sie zum Tr\u00e4umen bringen wird!\",\"datePublished\":\"2025-03-19T16:38:46+00:00\",\"dateModified\":\"2025-03-19T16:38:53+00:00\",\"mainEntityOfPage\":{\"@id\":\"https:\\\/\\\/thenailbar.ch\\\/de\\\/produkte\\\/2025\\\/opi-im-dreaming-die-neue-fruehjahrskollektion-2025.html\"},\"wordCount\":344,\"commentCount\":0,\"publisher\":{\"@id\":\"https:\\\/\\\/thenailbar.ch\\\/de#organization\"},\"image\":{\"@id\":\"https:\\\/\\\/thenailbar.ch\\\/de\\\/produkte\\\/2025\\\/opi-im-dreaming-die-neue-fruehjahrskollektion-2025.html#primaryimage\"},\"thumbnailUrl\":\"https:\\\/\\\/thenailbar.ch\\\/wp2\\\/wp-content\\\/uploads\\\/2025\\\/03\\\/TNB-PRODUCT-25-010-OPI-ImDreaming-WPcover.jpg\",\"keywords\":[\"auranails\",\"opi\",\"watercolornails\"],\"articleSection\":[\"Produkte\"],\"inLanguage\":\"de\",\"potentialAction\":[{\"@type\":\"CommentAction\",\"name\":\"Comment\",\"target\":[\"https:\\\/\\\/thenailbar.ch\\\/de\\\/produkte\\\/2025\\\/opi-im-dreaming-die-neue-fruehjahrskollektion-2025.html#respond\"]}]},{\"@type\":\"WebPage\",\"@id\":\"https:\\\/\\\/thenailbar.ch\\\/de\\\/produkte\\\/2025\\\/opi-im-dreaming-die-neue-fruehjahrskollektion-2025.html\",\"url\":\"https:\\\/\\\/thenailbar.ch\\\/de\\\/produkte\\\/2025\\\/opi-im-dreaming-die-neue-fruehjahrskollektion-2025.html\",\"name\":\"OPI'm Dreaming: Die neue Fr\u00fchjahrskollektion 2025\",\"isPartOf\":{\"@id\":\"https:\\\/\\\/thenailbar.ch\\\/de#website\"},\"primaryImageOfPage\":{\"@id\":\"https:\\\/\\\/thenailbar.ch\\\/de\\\/produkte\\\/2025\\\/opi-im-dreaming-die-neue-fruehjahrskollektion-2025.html#primaryimage\"},\"image\":{\"@id\":\"https:\\\/\\\/thenailbar.ch\\\/de\\\/produkte\\\/2025\\\/opi-im-dreaming-die-neue-fruehjahrskollektion-2025.html#primaryimage\"},\"thumbnailUrl\":\"https:\\\/\\\/thenailbar.ch\\\/wp2\\\/wp-content\\\/uploads\\\/2025\\\/03\\\/TNB-PRODUCT-25-010-OPI-ImDreaming-WPcover.jpg\",\"datePublished\":\"2025-03-19T16:38:46+00:00\",\"dateModified\":\"2025-03-19T16:38:53+00:00\",\"description\":\"Tauchen Sie ein in eine Welt voller schillernder Pastellfarben und traumhafter Schattierungen. #watercolornails , #auranails ...\",\"breadcrumb\":{\"@id\":\"https:\\\/\\\/thenailbar.ch\\\/de\\\/produkte\\\/2025\\\/opi-im-dreaming-die-neue-fruehjahrskollektion-2025.html#breadcrumb\"},\"inLanguage\":\"de\",\"potentialAction\":[{\"@type\":\"ReadAction\",\"target\":[\"https:\\\/\\\/thenailbar.ch\\\/de\\\/produkte\\\/2025\\\/opi-im-dreaming-die-neue-fruehjahrskollektion-2025.html\"]}]},{\"@type\":\"ImageObject\",\"inLanguage\":\"de\",\"@id\":\"https:\\\/\\\/thenailbar.ch\\\/de\\\/produkte\\\/2025\\\/opi-im-dreaming-die-neue-fruehjahrskollektion-2025.html#primaryimage\",\"url\":\"https:\\\/\\\/thenailbar.ch\\\/wp2\\\/wp-content\\\/uploads\\\/2025\\\/03\\\/TNB-PRODUCT-25-010-OPI-ImDreaming-WPcover.jpg\",\"contentUrl\":\"https:\\\/\\\/thenailbar.ch\\\/wp2\\\/wp-content\\\/uploads\\\/2025\\\/03\\\/TNB-PRODUCT-25-010-OPI-ImDreaming-WPcover.jpg\",\"width\":2160,\"height\":1020,\"caption\":\"OPI'm Dreaming : La Nouvelle Collection Printemps 2025 qui Va Vous Faire R\u00eaver !\"},{\"@type\":\"BreadcrumbList\",\"@id\":\"https:\\\/\\\/thenailbar.ch\\\/de\\\/produkte\\\/2025\\\/opi-im-dreaming-die-neue-fruehjahrskollektion-2025.html#breadcrumb\",\"itemListElement\":[{\"@type\":\"ListItem\",\"position\":1,\"name\":\"Accueil\",\"item\":\"https:\\\/\\\/thenailbar.ch\\\/de\"},{\"@type\":\"ListItem\",\"position\":2,\"name\":\"OPI&rsquo;m Dreaming: Die neue Fr\u00fchjahrskollektion 2025, die Sie zum Tr\u00e4umen bringen wird!\"}]},{\"@type\":\"WebSite\",\"@id\":\"https:\\\/\\\/thenailbar.ch\\\/de#website\",\"url\":\"https:\\\/\\\/thenailbar.ch\\\/de\",\"name\":\"The Nail Bar - Sans ou Avec rendez-vous!\",\"description\":\"\u201cOhne oder Mit Termin!\u201d\",\"publisher\":{\"@id\":\"https:\\\/\\\/thenailbar.ch\\\/de#organization\"},\"alternateName\":\"The Nail Bar\",\"potentialAction\":[{\"@type\":\"SearchAction\",\"target\":{\"@type\":\"EntryPoint\",\"urlTemplate\":\"https:\\\/\\\/thenailbar.ch\\\/de?s={search_term_string}\"},\"query-input\":{\"@type\":\"PropertyValueSpecification\",\"valueRequired\":true,\"valueName\":\"search_term_string\"}}],\"inLanguage\":\"de\"},{\"@type\":\"Organization\",\"@id\":\"https:\\\/\\\/thenailbar.ch\\\/de#organization\",\"name\":\"The Nail Bar\",\"url\":\"https:\\\/\\\/thenailbar.ch\\\/de\",\"logo\":{\"@type\":\"ImageObject\",\"inLanguage\":\"de\",\"@id\":\"https:\\\/\\\/thenailbar.ch\\\/de#\\\/schema\\\/logo\\\/image\\\/\",\"url\":\"https:\\\/\\\/i0.wp.com\\\/thenailbar.ch\\\/wp2\\\/wp-content\\\/uploads\\\/2018\\\/09\\\/android-chrome-192x192.png?fit=192%2C192&ssl=1\",\"contentUrl\":\"https:\\\/\\\/i0.wp.com\\\/thenailbar.ch\\\/wp2\\\/wp-content\\\/uploads\\\/2018\\\/09\\\/android-chrome-192x192.png?fit=192%2C192&ssl=1\",\"width\":192,\"height\":192,\"caption\":\"The Nail Bar\"},\"image\":{\"@id\":\"https:\\\/\\\/thenailbar.ch\\\/de#\\\/schema\\\/logo\\\/image\\\/\"},\"sameAs\":[\"https:\\\/\\\/www.facebook.com\\\/thenailbar.nail.switzerland\\\/\",\"https:\\\/\\\/x.com\\\/TheNailBarSwiss\",\"https:\\\/\\\/www.instagram.com\\\/thenailbarswitzerland\\\/\",\"https:\\\/\\\/www.pinterest.ch\\\/thenailbarswitzerland\\\/\",\"https:\\\/\\\/www.youtube.com\\\/channel\\\/UCAZSdCTBJp-1F91xL1wZHQg\"]},{\"@type\":\"Person\",\"@id\":\"https:\\\/\\\/thenailbar.ch\\\/de#\\\/schema\\\/person\\\/540c4e5d6c8983ee4cd66d8f4745c051\",\"name\":\"Rapha\u00ebl Cornuz\",\"image\":{\"@type\":\"ImageObject\",\"inLanguage\":\"de\",\"@id\":\"https:\\\/\\\/secure.gravatar.com\\\/avatar\\\/8ba2434b1e1b40a90131bc1f1ecafd649730f36aca8c8ecb3e2d5899593b4165?s=96&d=mm&r=g\",\"url\":\"https:\\\/\\\/secure.gravatar.com\\\/avatar\\\/8ba2434b1e1b40a90131bc1f1ecafd649730f36aca8c8ecb3e2d5899593b4165?s=96&d=mm&r=g\",\"contentUrl\":\"https:\\\/\\\/secure.gravatar.com\\\/avatar\\\/8ba2434b1e1b40a90131bc1f1ecafd649730f36aca8c8ecb3e2d5899593b4165?s=96&d=mm&r=g\",\"caption\":\"Rapha\u00ebl Cornuz\"},\"sameAs\":[\"https:\\\/\\\/cornuz.com\"]}]}<\/script>\n<!-- \/ Yoast SEO plugin. -->","yoast_head_json":{"title":"OPI'm Dreaming: Die neue Fr\u00fchjahrskollektion 2025","description":"Tauchen Sie ein in eine Welt voller schillernder Pastellfarben und traumhafter Schattierungen. #watercolornails , #auranails ...","robots":{"index":"index","follow":"follow","max-snippet":"max-snippet:-1","max-image-preview":"max-image-preview:large","max-video-preview":"max-video-preview:-1"},"canonical":"https:\/\/thenailbar.ch\/de\/produkte\/2025\/opi-im-dreaming-die-neue-fruehjahrskollektion-2025.html","og_locale":"de_DE","og_type":"article","og_title":"OPI'm Dreaming: Die neue Fr\u00fchjahrskollektion 2025","og_description":"Tauchen Sie ein in eine Welt voller schillernder Pastellfarben und traumhafter Schattierungen. #watercolornails , #auranails ...","og_url":"https:\/\/thenailbar.ch\/de\/produkte\/2025\/opi-im-dreaming-die-neue-fruehjahrskollektion-2025.html","og_site_name":"The Nail Bar - Lausanne Genf Vevey Neuenburg Freiburg Monthey Biel Zuerich","article_publisher":"https:\/\/www.facebook.com\/thenailbar.nail.switzerland\/","article_published_time":"2025-03-19T16:38:46+00:00","article_modified_time":"2025-03-19T16:38:53+00:00","og_image":[{"width":2160,"height":1020,"url":"https:\/\/thenailbar.ch\/wp2\/wp-content\/uploads\/2025\/03\/TNB-PRODUCT-25-010-OPI-ImDreaming-WPcover.jpg","type":"image\/jpeg"}],"author":"Rapha\u00ebl Cornuz","twitter_card":"summary_large_image","twitter_creator":"@TheNailBarSwiss","twitter_site":"@TheNailBarSwiss","twitter_misc":{"Verfasst von":"Rapha\u00ebl Cornuz","Gesch\u00e4tzte Lesezeit":"4\u00a0Minuten"},"schema":{"@context":"https:\/\/schema.org","@graph":[{"@type":"Article","@id":"https:\/\/thenailbar.ch\/de\/produkte\/2025\/opi-im-dreaming-die-neue-fruehjahrskollektion-2025.html#article","isPartOf":{"@id":"https:\/\/thenailbar.ch\/de\/produkte\/2025\/opi-im-dreaming-die-neue-fruehjahrskollektion-2025.html"},"author":{"name":"Rapha\u00ebl Cornuz","@id":"https:\/\/thenailbar.ch\/de#\/schema\/person\/540c4e5d6c8983ee4cd66d8f4745c051"},"headline":"OPI&#8217;m Dreaming: Die neue Fr\u00fchjahrskollektion 2025, die Sie zum Tr\u00e4umen bringen wird!","datePublished":"2025-03-19T16:38:46+00:00","dateModified":"2025-03-19T16:38:53+00:00","mainEntityOfPage":{"@id":"https:\/\/thenailbar.ch\/de\/produkte\/2025\/opi-im-dreaming-die-neue-fruehjahrskollektion-2025.html"},"wordCount":344,"commentCount":0,"publisher":{"@id":"https:\/\/thenailbar.ch\/de#organization"},"image":{"@id":"https:\/\/thenailbar.ch\/de\/produkte\/2025\/opi-im-dreaming-die-neue-fruehjahrskollektion-2025.html#primaryimage"},"thumbnailUrl":"https:\/\/thenailbar.ch\/wp2\/wp-content\/uploads\/2025\/03\/TNB-PRODUCT-25-010-OPI-ImDreaming-WPcover.jpg","keywords":["auranails","opi","watercolornails"],"articleSection":["Produkte"],"inLanguage":"de","potentialAction":[{"@type":"CommentAction","name":"Comment","target":["https:\/\/thenailbar.ch\/de\/produkte\/2025\/opi-im-dreaming-die-neue-fruehjahrskollektion-2025.html#respond"]}]},{"@type":"WebPage","@id":"https:\/\/thenailbar.ch\/de\/produkte\/2025\/opi-im-dreaming-die-neue-fruehjahrskollektion-2025.html","url":"https:\/\/thenailbar.ch\/de\/produkte\/2025\/opi-im-dreaming-die-neue-fruehjahrskollektion-2025.html","name":"OPI'm Dreaming: Die neue Fr\u00fchjahrskollektion 2025","isPartOf":{"@id":"https:\/\/thenailbar.ch\/de#website"},"primaryImageOfPage":{"@id":"https:\/\/thenailbar.ch\/de\/produkte\/2025\/opi-im-dreaming-die-neue-fruehjahrskollektion-2025.html#primaryimage"},"image":{"@id":"https:\/\/thenailbar.ch\/de\/produkte\/2025\/opi-im-dreaming-die-neue-fruehjahrskollektion-2025.html#primaryimage"},"thumbnailUrl":"https:\/\/thenailbar.ch\/wp2\/wp-content\/uploads\/2025\/03\/TNB-PRODUCT-25-010-OPI-ImDreaming-WPcover.jpg","datePublished":"2025-03-19T16:38:46+00:00","dateModified":"2025-03-19T16:38:53+00:00","description":"Tauchen Sie ein in eine Welt voller schillernder Pastellfarben und traumhafter Schattierungen. #watercolornails , #auranails ...","breadcrumb":{"@id":"https:\/\/thenailbar.ch\/de\/produkte\/2025\/opi-im-dreaming-die-neue-fruehjahrskollektion-2025.html#breadcrumb"},"inLanguage":"de","potentialAction":[{"@type":"ReadAction","target":["https:\/\/thenailbar.ch\/de\/produkte\/2025\/opi-im-dreaming-die-neue-fruehjahrskollektion-2025.html"]}]},{"@type":"ImageObject","inLanguage":"de","@id":"https:\/\/thenailbar.ch\/de\/produkte\/2025\/opi-im-dreaming-die-neue-fruehjahrskollektion-2025.html#primaryimage","url":"https:\/\/thenailbar.ch\/wp2\/wp-content\/uploads\/2025\/03\/TNB-PRODUCT-25-010-OPI-ImDreaming-WPcover.jpg","contentUrl":"https:\/\/thenailbar.ch\/wp2\/wp-content\/uploads\/2025\/03\/TNB-PRODUCT-25-010-OPI-ImDreaming-WPcover.jpg","width":2160,"height":1020,"caption":"OPI'm Dreaming : La Nouvelle Collection Printemps 2025 qui Va Vous Faire R\u00eaver !"},{"@type":"BreadcrumbList","@id":"https:\/\/thenailbar.ch\/de\/produkte\/2025\/opi-im-dreaming-die-neue-fruehjahrskollektion-2025.html#breadcrumb","itemListElement":[{"@type":"ListItem","position":1,"name":"Accueil","item":"https:\/\/thenailbar.ch\/de"},{"@type":"ListItem","position":2,"name":"OPI&rsquo;m Dreaming: Die neue Fr\u00fchjahrskollektion 2025, die Sie zum Tr\u00e4umen bringen wird!"}]},{"@type":"WebSite","@id":"https:\/\/thenailbar.ch\/de#website","url":"https:\/\/thenailbar.ch\/de","name":"The Nail Bar - Sans ou Avec rendez-vous!","description":"\u201cOhne oder Mit Termin!\u201d","publisher":{"@id":"https:\/\/thenailbar.ch\/de#organization"},"alternateName":"The Nail Bar","potentialAction":[{"@type":"SearchAction","target":{"@type":"EntryPoint","urlTemplate":"https:\/\/thenailbar.ch\/de?s={search_term_string}"},"query-input":{"@type":"PropertyValueSpecification","valueRequired":true,"valueName":"search_term_string"}}],"inLanguage":"de"},{"@type":"Organization","@id":"https:\/\/thenailbar.ch\/de#organization","name":"The Nail Bar","url":"https:\/\/thenailbar.ch\/de","logo":{"@type":"ImageObject","inLanguage":"de","@id":"https:\/\/thenailbar.ch\/de#\/schema\/logo\/image\/","url":"https:\/\/i0.wp.com\/thenailbar.ch\/wp2\/wp-content\/uploads\/2018\/09\/android-chrome-192x192.png?fit=192%2C192&ssl=1","contentUrl":"https:\/\/i0.wp.com\/thenailbar.ch\/wp2\/wp-content\/uploads\/2018\/09\/android-chrome-192x192.png?fit=192%2C192&ssl=1","width":192,"height":192,"caption":"The Nail Bar"},"image":{"@id":"https:\/\/thenailbar.ch\/de#\/schema\/logo\/image\/"},"sameAs":["https:\/\/www.facebook.com\/thenailbar.nail.switzerland\/","https:\/\/x.com\/TheNailBarSwiss","https:\/\/www.instagram.com\/thenailbarswitzerland\/","https:\/\/www.pinterest.ch\/thenailbarswitzerland\/","https:\/\/www.youtube.com\/channel\/UCAZSdCTBJp-1F91xL1wZHQg"]},{"@type":"Person","@id":"https:\/\/thenailbar.ch\/de#\/schema\/person\/540c4e5d6c8983ee4cd66d8f4745c051","name":"Rapha\u00ebl Cornuz","image":{"@type":"ImageObject","inLanguage":"de","@id":"https:\/\/secure.gravatar.com\/avatar\/8ba2434b1e1b40a90131bc1f1ecafd649730f36aca8c8ecb3e2d5899593b4165?s=96&d=mm&r=g","url":"https:\/\/secure.gravatar.com\/avatar\/8ba2434b1e1b40a90131bc1f1ecafd649730f36aca8c8ecb3e2d5899593b4165?s=96&d=mm&r=g","contentUrl":"https:\/\/secure.gravatar.com\/avatar\/8ba2434b1e1b40a90131bc1f1ecafd649730f36aca8c8ecb3e2d5899593b4165?s=96&d=mm&r=g","caption":"Rapha\u00ebl Cornuz"},"sameAs":["https:\/\/cornuz.com"]}]}},"jetpack_publicize_connections":[],"jetpack_featured_media_url":"https:\/\/thenailbar.ch\/wp2\/wp-content\/uploads\/2025\/03\/TNB-PRODUCT-25-010-OPI-ImDreaming-WPcover.jpg","jetpack_sharing_enabled":true,"jetpack-related-posts":[],"jetpack_shortlink":"https:\/\/wp.me\/patLF0-4tJ","_links":{"self":[{"href":"https:\/\/thenailbar.ch\/de\/wp-json\/wp\/v2\/posts\/17219","targetHints":{"allow":["GET"]}}],"collection":[{"href":"https:\/\/thenailbar.ch\/de\/wp-json\/wp\/v2\/posts"}],"about":[{"href":"https:\/\/thenailbar.ch\/de\/wp-json\/wp\/v2\/types\/post"}],"author":[{"embeddable":true,"href":"https:\/\/thenailbar.ch\/de\/wp-json\/wp\/v2\/users\/1"}],"replies":[{"embeddable":true,"href":"https:\/\/thenailbar.ch\/de\/wp-json\/wp\/v2\/comments?post=17219"}],"version-history":[{"count":5,"href":"https:\/\/thenailbar.ch\/de\/wp-json\/wp\/v2\/posts\/17219\/revisions"}],"predecessor-version":[{"id":17277,"href":"https:\/\/thenailbar.ch\/de\/wp-json\/wp\/v2\/posts\/17219\/revisions\/17277"}],"wp:featuredmedia":[{"embeddable":true,"href":"https:\/\/thenailbar.ch\/de\/wp-json\/wp\/v2\/media\/17272"}],"wp:attachment":[{"href":"https:\/\/thenailbar.ch\/de\/wp-json\/wp\/v2\/media?parent=17219"}],"wp:term":[{"taxonomy":"category","embeddable":true,"href":"https:\/\/thenailbar.ch\/de\/wp-json\/wp\/v2\/categories?post=17219"},{"taxonomy":"post_tag","embeddable":true,"href":"https:\/\/thenailbar.ch\/de\/wp-json\/wp\/v2\/tags?post=17219"}],"curies":[{"name":"wp","href":"https:\/\/api.w.org\/{rel}","templated":true}]}}