{"id":16195,"date":"2023-10-30T12:57:19","date_gmt":"2023-10-30T11:57:19","guid":{"rendered":"https:\/\/thenailbar.ch\/news-de\/2023\/die-nail-bar-in-vevey-bekommt-ein-neues-gesicht.html"},"modified":"2023-10-30T12:57:23","modified_gmt":"2023-10-30T11:57:23","slug":"die-nail-bar-in-vevey-bekommt-ein-neues-gesicht","status":"publish","type":"post","link":"https:\/\/thenailbar.ch\/de\/shops\/2023\/die-nail-bar-in-vevey-bekommt-ein-neues-gesicht.html","title":{"rendered":"Die Nail Bar in Vevey bekommt ein neues Gesicht!"},"content":{"rendered":"\n<blockquote class=\"wp-block-quote is-layout-flow wp-block-quote-is-layout-flow\">\n<p><p><strong>Von Montag, dem 23. Oktober, bis Samstag, dem 4. November 2023, wird die <a href=\"https:\/\/thenailbar.ch\/de\/the-nail-bars\/vevey-manor-zentrum\">Nail Bar in Vevey<\/a> komplett renoviert.<\/strong> Im Voraus entschuldigen sich alle Nail Bar-Teams f\u00fcr die Unannehmlichkeiten, die diese vor\u00fcbergehende Schlie\u00dfung mit sich bringt. In der Zwischenzeit werden Sie in unseren Nail Bars in Lausanne und Freiburg wie gewohnt mit Freude und einem L\u00e4cheln empfangen. <a href=\"https:\/\/booking.thenailbar.ch\/de\">Sie k\u00f6nnen auch ab sofort online f\u00fcr die Wiederer\u00f6ffnung reservieren<\/a>.<\/p><\/p>\n<\/blockquote>\n<div class=\"wp-block-image is-style-default\">\n<figure class=\"aligncenter size-large\"><a href=\"https:\/\/thenailbar.ch\/de\/the-nail-bars\/vevey-manor-zentrum\"><img loading=\"lazy\" decoding=\"async\" width=\"2000\" height=\"1250\" src=\"https:\/\/thenailbar.ch\/wp2\/wp-content\/uploads\/2023\/10\/WhatsApp-Image-2023-10-26-a-15.48.46_0e711e4a-edited.webp\" alt=\"The Nail Bar Vevey in Renovierung\" class=\"wp-image-16166\" srcset=\"https:\/\/thenailbar.ch\/wp2\/wp-content\/uploads\/2023\/10\/WhatsApp-Image-2023-10-26-a-15.48.46_0e711e4a-edited.webp 2000w, https:\/\/thenailbar.ch\/wp2\/wp-content\/uploads\/2023\/10\/WhatsApp-Image-2023-10-26-a-15.48.46_0e711e4a-edited-260x163.webp 260w, https:\/\/thenailbar.ch\/wp2\/wp-content\/uploads\/2023\/10\/WhatsApp-Image-2023-10-26-a-15.48.46_0e711e4a-edited-560x350.webp 560w, https:\/\/thenailbar.ch\/wp2\/wp-content\/uploads\/2023\/10\/WhatsApp-Image-2023-10-26-a-15.48.46_0e711e4a-edited-768x480.webp 768w, https:\/\/thenailbar.ch\/wp2\/wp-content\/uploads\/2023\/10\/WhatsApp-Image-2023-10-26-a-15.48.46_0e711e4a-edited-1536x960.webp 1536w, https:\/\/thenailbar.ch\/wp2\/wp-content\/uploads\/2023\/10\/WhatsApp-Image-2023-10-26-a-15.48.46_0e711e4a-edited-400x250.webp 400w, https:\/\/thenailbar.ch\/wp2\/wp-content\/uploads\/2023\/10\/WhatsApp-Image-2023-10-26-a-15.48.46_0e711e4a-edited-1080x675.webp 1080w\" sizes=\"(max-width: 2000px) 100vw, 2000px\" \/><\/a><\/figure>\n<\/div>\n<div style=\"height:30px\" aria-hidden=\"true\" class=\"wp-block-spacer\"><\/div>\n\n<p class=\"has-medium-font-size\"><p><strong>Florence Stumpe<\/strong>, Gr\u00fcnderin antwortet uns&#8230;<\/p><\/p>\n\n<div style=\"height:15px\" aria-hidden=\"true\" class=\"wp-block-spacer\"><\/div>\n\n<div class=\"wp-block-columns is-layout-flex wp-container-core-columns-is-layout-9d6595d7 wp-block-columns-is-layout-flex\">\n<div class=\"wp-block-column is-layout-flow wp-block-column-is-layout-flow\" style=\"flex-basis:33.33%\">\n<div style=\"height:30px\" aria-hidden=\"true\" class=\"wp-block-spacer\"><\/div>\n\n\n\n<figure class=\"wp-block-image size-large is-style-rounded\"><img loading=\"lazy\" decoding=\"async\" width=\"1440\" height=\"2560\" src=\"https:\/\/thenailbar.ch\/wp2\/wp-content\/uploads\/2023\/10\/florence_stumpe-HD-punched-1-edited-1-scaled.webp\" alt=\"Florence Stumpe, Gr&#xFC;nderin von The Nail Bar\" class=\"wp-image-16182\" srcset=\"https:\/\/thenailbar.ch\/wp2\/wp-content\/uploads\/2023\/10\/florence_stumpe-HD-punched-1-edited-1-scaled.webp 1440w, https:\/\/thenailbar.ch\/wp2\/wp-content\/uploads\/2023\/10\/florence_stumpe-HD-punched-1-edited-1-110x195.webp 110w, https:\/\/thenailbar.ch\/wp2\/wp-content\/uploads\/2023\/10\/florence_stumpe-HD-punched-1-edited-1-560x995.webp 560w, https:\/\/thenailbar.ch\/wp2\/wp-content\/uploads\/2023\/10\/florence_stumpe-HD-punched-1-edited-1-768x1365.webp 768w, https:\/\/thenailbar.ch\/wp2\/wp-content\/uploads\/2023\/10\/florence_stumpe-HD-punched-1-edited-1-864x1536.webp 864w, https:\/\/thenailbar.ch\/wp2\/wp-content\/uploads\/2023\/10\/florence_stumpe-HD-punched-1-edited-1-1152x2048.webp 1152w, https:\/\/thenailbar.ch\/wp2\/wp-content\/uploads\/2023\/10\/florence_stumpe-HD-punched-1-edited-1-1080x1920.webp 1080w\" sizes=\"(max-width: 1440px) 100vw, 1440px\" \/><\/figure>\n<\/div>\n\n\n\n<div class=\"wp-block-column is-layout-flow wp-block-column-is-layout-flow\" style=\"flex-basis:66.66%\">\n<h4 class=\"wp-block-heading\">Warum Umbau? <\/h4>\n\n\n\n<p><p><em>&#8222;Die Nail Bar in Vevey wird komplett neu gestaltet. Ein neuer Look, eine aufgefrischte Marke und mehr Platz f\u00fcr Kundinnen und Mitarbeiterinnen. Das Manor Center Vevey ist ein wundersch\u00f6ner Rahmen f\u00fcr unsere erste Nail Bar 3.0 auf Waadtl\u00e4nder Boden.&#8220;<\/em><\/p><\/p>\n\n\n\n<h4 class=\"wp-block-heading\">Was ist neu in dieser Nail Bar?<\/h4>\n\n\n\n<p><p><em>&#8222;Das ist viel mehr als eine Auffrischung, es ist eine Neugestaltung der Marke Nail Bar. Es war uns ein Anliegen, ein noch innovativeres und einladenderes Konzept in unseren Gesch\u00e4ften anzubieten. Die gro\u00dfen Neuerungen sind vor allem die neuen M\u00f6bel f\u00fcr die Pedik\u00fcre und die Verkaufsr\u00e4ume. Der Laden ist luftiger und vermittelt den Eindruck von mehr Platz, w\u00e4hrend wir zwei neue Arbeitspl\u00e4tze haben&#8220;.<\/em><\/p><\/p>\n\n\n\n<h4 class=\"wp-block-heading\">Warum ist dieses Pedik\u00fcre-Mobiliar eine Neuheit?<\/h4>\n\n\n\n<p><p><em>&#8222;In der Nail Bar haben wir verstanden, dass es unsere Mitarbeiterinnen sind, die unseren Erfolg ausmachen, nicht alles andere. Das neue Mobiliar richtet sich in erster Linie an unsere Mitarbeiterinnen. Tats\u00e4chlich hatte unser bestehendes Mobiliar, das sich bereits in einer fortgeschrittenen Version befand, einen gro\u00dfen Mangel: Die Mitarbeiterinnen konnten in bestimmten Situationen R\u00fcckenschmerzen bekommen. Wir haben also alles von Grund auf neu konzipiert, um es neu zu gestalten, unsere Codes beizubehalten und vor allem unseren Kosmetikerinnen die M\u00f6glichkeit zu geben, ihre Beine unter die Waschbecken zu stecken. Die M\u00f6bel sind h\u00f6her, aber der gewonnene Komfort erm\u00f6glicht es den Mitarbeiterinnen, sich ohne R\u00fcckenprobleme wohlzuf\u00fchlen. Es ist eine wichtige Investition, denn das Mobiliar kostet 50% mehr und wird \u00fcberall in der Schweiz ausgetauscht, und das nur wegen des Arbeitskomforts.&#8220;<\/em><\/p><\/p>\n<\/div>\n<\/div>\n","protected":false},"excerpt":{"rendered":"<p>Von Montag, dem 23. Oktober, bis Samstag, dem 4. November 2023, wird die Nail Bar in Vevey komplett renoviert. Im Voraus entschuldigen sich alle Nail Bar-Teams f\u00fcr die Unannehmlichkeiten, die diese vor\u00fcbergehende Schlie\u00dfung mit sich bringt. In der Zwischenzeit werden Sie in unseren Nail Bars in Lausanne und Freiburg wie gewohnt mit Freude und einem &hellip; <a href=\"https:\/\/thenailbar.ch\/de\/shops\/2023\/die-nail-bar-in-vevey-bekommt-ein-neues-gesicht.html\">Continued<\/a><\/p>\n","protected":false},"author":1,"featured_media":16165,"comment_status":"open","ping_status":"open","sticky":false,"template":"","format":"standard","meta":{"_acf_changed":false,"_et_pb_use_builder":"off","_et_pb_old_content":"","_et_gb_content_width":"","jetpack_post_was_ever_published":false,"_jetpack_newsletter_access":"","_jetpack_dont_email_post_to_subs":false,"_jetpack_newsletter_tier_id":0,"_jetpack_memberships_contains_paywalled_content":false,"_jetpack_memberships_contains_paid_content":false,"footnotes":"","jetpack_publicize_message":"","jetpack_publicize_feature_enabled":true,"jetpack_social_post_already_shared":false,"jetpack_social_options":{"image_generator_settings":{"template":"highway","default_image_id":0,"font":"","enabled":false},"version":2}},"categories":[263],"tags":[296,295],"class_list":["post-16195","post","type-post","status-publish","format-standard","has-post-thumbnail","hentry","category-shops","tag-renovierung","tag-tnb9-vevey-de"],"acf":[],"yoast_head":"<!-- This site is optimized with the Yoast SEO plugin v27.5 - https:\/\/yoast.com\/product\/yoast-seo-wordpress\/ -->\n<title>Die Nail Bar in Vevey bekommt ein neues Gesicht! - The Nail Bar - Lausanne Genf Vevey Neuenburg Freiburg Monthey Biel Zuerich<\/title>\n<meta name=\"description\" content=\"Von Montag, dem 23. Oktober, bis Samstag, dem 4. November 2023, wird die Nail Bar in Vevey komplett renoviert. Florence Stumpe, die Gr\u00fcnderin, antwortet uns...\" \/>\n<meta name=\"robots\" content=\"index, follow, max-snippet:-1, max-image-preview:large, max-video-preview:-1\" \/>\n<link rel=\"canonical\" href=\"https:\/\/thenailbar.ch\/de\/shops\/2023\/die-nail-bar-in-vevey-bekommt-ein-neues-gesicht.html\" \/>\n<meta property=\"og:locale\" content=\"de_DE\" \/>\n<meta property=\"og:type\" content=\"article\" \/>\n<meta property=\"og:title\" content=\"Die Nail Bar in Vevey bekommt ein neues Gesicht! - The Nail Bar - Lausanne Genf Vevey Neuenburg Freiburg Monthey Biel Zuerich\" \/>\n<meta property=\"og:description\" content=\"Von Montag, dem 23. Oktober, bis Samstag, dem 4. November 2023, wird die Nail Bar in Vevey komplett renoviert. Florence Stumpe, die Gr\u00fcnderin, antwortet uns...\" \/>\n<meta property=\"og:url\" content=\"https:\/\/thenailbar.ch\/de\/shops\/2023\/die-nail-bar-in-vevey-bekommt-ein-neues-gesicht.html\" \/>\n<meta property=\"og:site_name\" content=\"The Nail Bar - Lausanne Genf Vevey Neuenburg Freiburg Monthey Biel Zuerich\" \/>\n<meta property=\"article:publisher\" content=\"https:\/\/www.facebook.com\/thenailbar.nail.switzerland\/\" \/>\n<meta property=\"article:published_time\" content=\"2023-10-30T11:57:19+00:00\" \/>\n<meta property=\"article:modified_time\" content=\"2023-10-30T11:57:23+00:00\" \/>\n<meta property=\"og:image\" content=\"https:\/\/thenailbar.ch\/wp2\/wp-content\/uploads\/2023\/10\/WhatsApp-Image-2023-10-26-a-15.48.46_0e711e4a-jpg.webp\" \/>\n\t<meta property=\"og:image:width\" content=\"2000\" \/>\n\t<meta property=\"og:image:height\" content=\"1500\" \/>\n\t<meta property=\"og:image:type\" content=\"image\/jpeg\" \/>\n<meta name=\"author\" content=\"Rapha\u00ebl Cornuz\" \/>\n<meta name=\"twitter:card\" content=\"summary_large_image\" \/>\n<meta name=\"twitter:creator\" content=\"@TheNailBarSwiss\" \/>\n<meta name=\"twitter:site\" content=\"@TheNailBarSwiss\" \/>\n<meta name=\"twitter:label1\" content=\"Verfasst von\" \/>\n\t<meta name=\"twitter:data1\" content=\"Rapha\u00ebl Cornuz\" \/>\n\t<meta name=\"twitter:label2\" content=\"Gesch\u00e4tzte Lesezeit\" \/>\n\t<meta name=\"twitter:data2\" content=\"2\u00a0Minuten\" \/>\n<script type=\"application\/ld+json\" class=\"yoast-schema-graph\">{\"@context\":\"https:\\\/\\\/schema.org\",\"@graph\":[{\"@type\":\"Article\",\"@id\":\"https:\\\/\\\/thenailbar.ch\\\/de\\\/shops\\\/2023\\\/die-nail-bar-in-vevey-bekommt-ein-neues-gesicht.html#article\",\"isPartOf\":{\"@id\":\"https:\\\/\\\/thenailbar.ch\\\/de\\\/shops\\\/2023\\\/die-nail-bar-in-vevey-bekommt-ein-neues-gesicht.html\"},\"author\":{\"name\":\"Rapha\u00ebl Cornuz\",\"@id\":\"https:\\\/\\\/thenailbar.ch\\\/de#\\\/schema\\\/person\\\/540c4e5d6c8983ee4cd66d8f4745c051\"},\"headline\":\"Die Nail Bar in Vevey bekommt ein neues Gesicht!\",\"datePublished\":\"2023-10-30T11:57:19+00:00\",\"dateModified\":\"2023-10-30T11:57:23+00:00\",\"mainEntityOfPage\":{\"@id\":\"https:\\\/\\\/thenailbar.ch\\\/de\\\/shops\\\/2023\\\/die-nail-bar-in-vevey-bekommt-ein-neues-gesicht.html\"},\"wordCount\":349,\"commentCount\":0,\"publisher\":{\"@id\":\"https:\\\/\\\/thenailbar.ch\\\/de#organization\"},\"image\":{\"@id\":\"https:\\\/\\\/thenailbar.ch\\\/de\\\/shops\\\/2023\\\/die-nail-bar-in-vevey-bekommt-ein-neues-gesicht.html#primaryimage\"},\"thumbnailUrl\":\"https:\\\/\\\/thenailbar.ch\\\/wp2\\\/wp-content\\\/uploads\\\/2023\\\/10\\\/WhatsApp-Image-2023-10-26-a-15.48.46_0e711e4a-jpg.webp\",\"keywords\":[\"Renovierung\",\"tnb9-vevey\"],\"articleSection\":[\"Shops\"],\"inLanguage\":\"de\",\"potentialAction\":[{\"@type\":\"CommentAction\",\"name\":\"Comment\",\"target\":[\"https:\\\/\\\/thenailbar.ch\\\/de\\\/shops\\\/2023\\\/die-nail-bar-in-vevey-bekommt-ein-neues-gesicht.html#respond\"]}]},{\"@type\":\"WebPage\",\"@id\":\"https:\\\/\\\/thenailbar.ch\\\/de\\\/shops\\\/2023\\\/die-nail-bar-in-vevey-bekommt-ein-neues-gesicht.html\",\"url\":\"https:\\\/\\\/thenailbar.ch\\\/de\\\/shops\\\/2023\\\/die-nail-bar-in-vevey-bekommt-ein-neues-gesicht.html\",\"name\":\"Die Nail Bar in Vevey bekommt ein neues Gesicht! - The Nail Bar - Lausanne Genf Vevey Neuenburg Freiburg Monthey Biel Zuerich\",\"isPartOf\":{\"@id\":\"https:\\\/\\\/thenailbar.ch\\\/de#website\"},\"primaryImageOfPage\":{\"@id\":\"https:\\\/\\\/thenailbar.ch\\\/de\\\/shops\\\/2023\\\/die-nail-bar-in-vevey-bekommt-ein-neues-gesicht.html#primaryimage\"},\"image\":{\"@id\":\"https:\\\/\\\/thenailbar.ch\\\/de\\\/shops\\\/2023\\\/die-nail-bar-in-vevey-bekommt-ein-neues-gesicht.html#primaryimage\"},\"thumbnailUrl\":\"https:\\\/\\\/thenailbar.ch\\\/wp2\\\/wp-content\\\/uploads\\\/2023\\\/10\\\/WhatsApp-Image-2023-10-26-a-15.48.46_0e711e4a-jpg.webp\",\"datePublished\":\"2023-10-30T11:57:19+00:00\",\"dateModified\":\"2023-10-30T11:57:23+00:00\",\"description\":\"Von Montag, dem 23. Oktober, bis Samstag, dem 4. November 2023, wird die Nail Bar in Vevey komplett renoviert. Florence Stumpe, die Gr\u00fcnderin, antwortet uns...\",\"breadcrumb\":{\"@id\":\"https:\\\/\\\/thenailbar.ch\\\/de\\\/shops\\\/2023\\\/die-nail-bar-in-vevey-bekommt-ein-neues-gesicht.html#breadcrumb\"},\"inLanguage\":\"de\",\"potentialAction\":[{\"@type\":\"ReadAction\",\"target\":[\"https:\\\/\\\/thenailbar.ch\\\/de\\\/shops\\\/2023\\\/die-nail-bar-in-vevey-bekommt-ein-neues-gesicht.html\"]}]},{\"@type\":\"ImageObject\",\"inLanguage\":\"de\",\"@id\":\"https:\\\/\\\/thenailbar.ch\\\/de\\\/shops\\\/2023\\\/die-nail-bar-in-vevey-bekommt-ein-neues-gesicht.html#primaryimage\",\"url\":\"https:\\\/\\\/thenailbar.ch\\\/wp2\\\/wp-content\\\/uploads\\\/2023\\\/10\\\/WhatsApp-Image-2023-10-26-a-15.48.46_0e711e4a-jpg.webp\",\"contentUrl\":\"https:\\\/\\\/thenailbar.ch\\\/wp2\\\/wp-content\\\/uploads\\\/2023\\\/10\\\/WhatsApp-Image-2023-10-26-a-15.48.46_0e711e4a-jpg.webp\",\"width\":2000,\"height\":1500},{\"@type\":\"BreadcrumbList\",\"@id\":\"https:\\\/\\\/thenailbar.ch\\\/de\\\/shops\\\/2023\\\/die-nail-bar-in-vevey-bekommt-ein-neues-gesicht.html#breadcrumb\",\"itemListElement\":[{\"@type\":\"ListItem\",\"position\":1,\"name\":\"Accueil\",\"item\":\"https:\\\/\\\/thenailbar.ch\\\/de\"},{\"@type\":\"ListItem\",\"position\":2,\"name\":\"Die Nail Bar in Vevey bekommt ein neues Gesicht!\"}]},{\"@type\":\"WebSite\",\"@id\":\"https:\\\/\\\/thenailbar.ch\\\/de#website\",\"url\":\"https:\\\/\\\/thenailbar.ch\\\/de\",\"name\":\"The Nail Bar - Sans ou Avec rendez-vous!\",\"description\":\"\u201cOhne oder Mit Termin!\u201d\",\"publisher\":{\"@id\":\"https:\\\/\\\/thenailbar.ch\\\/de#organization\"},\"alternateName\":\"The Nail Bar\",\"potentialAction\":[{\"@type\":\"SearchAction\",\"target\":{\"@type\":\"EntryPoint\",\"urlTemplate\":\"https:\\\/\\\/thenailbar.ch\\\/de?s={search_term_string}\"},\"query-input\":{\"@type\":\"PropertyValueSpecification\",\"valueRequired\":true,\"valueName\":\"search_term_string\"}}],\"inLanguage\":\"de\"},{\"@type\":\"Organization\",\"@id\":\"https:\\\/\\\/thenailbar.ch\\\/de#organization\",\"name\":\"The Nail Bar\",\"url\":\"https:\\\/\\\/thenailbar.ch\\\/de\",\"logo\":{\"@type\":\"ImageObject\",\"inLanguage\":\"de\",\"@id\":\"https:\\\/\\\/thenailbar.ch\\\/de#\\\/schema\\\/logo\\\/image\\\/\",\"url\":\"https:\\\/\\\/i0.wp.com\\\/thenailbar.ch\\\/wp2\\\/wp-content\\\/uploads\\\/2018\\\/09\\\/android-chrome-192x192.png?fit=192%2C192&ssl=1\",\"contentUrl\":\"https:\\\/\\\/i0.wp.com\\\/thenailbar.ch\\\/wp2\\\/wp-content\\\/uploads\\\/2018\\\/09\\\/android-chrome-192x192.png?fit=192%2C192&ssl=1\",\"width\":192,\"height\":192,\"caption\":\"The Nail Bar\"},\"image\":{\"@id\":\"https:\\\/\\\/thenailbar.ch\\\/de#\\\/schema\\\/logo\\\/image\\\/\"},\"sameAs\":[\"https:\\\/\\\/www.facebook.com\\\/thenailbar.nail.switzerland\\\/\",\"https:\\\/\\\/x.com\\\/TheNailBarSwiss\",\"https:\\\/\\\/www.instagram.com\\\/thenailbarswitzerland\\\/\",\"https:\\\/\\\/www.pinterest.ch\\\/thenailbarswitzerland\\\/\",\"https:\\\/\\\/www.youtube.com\\\/channel\\\/UCAZSdCTBJp-1F91xL1wZHQg\"]},{\"@type\":\"Person\",\"@id\":\"https:\\\/\\\/thenailbar.ch\\\/de#\\\/schema\\\/person\\\/540c4e5d6c8983ee4cd66d8f4745c051\",\"name\":\"Rapha\u00ebl Cornuz\",\"image\":{\"@type\":\"ImageObject\",\"inLanguage\":\"de\",\"@id\":\"https:\\\/\\\/secure.gravatar.com\\\/avatar\\\/8ba2434b1e1b40a90131bc1f1ecafd649730f36aca8c8ecb3e2d5899593b4165?s=96&d=mm&r=g\",\"url\":\"https:\\\/\\\/secure.gravatar.com\\\/avatar\\\/8ba2434b1e1b40a90131bc1f1ecafd649730f36aca8c8ecb3e2d5899593b4165?s=96&d=mm&r=g\",\"contentUrl\":\"https:\\\/\\\/secure.gravatar.com\\\/avatar\\\/8ba2434b1e1b40a90131bc1f1ecafd649730f36aca8c8ecb3e2d5899593b4165?s=96&d=mm&r=g\",\"caption\":\"Rapha\u00ebl Cornuz\"},\"sameAs\":[\"https:\\\/\\\/cornuz.com\"]}]}<\/script>\n<!-- \/ Yoast SEO plugin. -->","yoast_head_json":{"title":"Die Nail Bar in Vevey bekommt ein neues Gesicht! - The Nail Bar - Lausanne Genf Vevey Neuenburg Freiburg Monthey Biel Zuerich","description":"Von Montag, dem 23. Oktober, bis Samstag, dem 4. November 2023, wird die Nail Bar in Vevey komplett renoviert. Florence Stumpe, die Gr\u00fcnderin, antwortet uns...","robots":{"index":"index","follow":"follow","max-snippet":"max-snippet:-1","max-image-preview":"max-image-preview:large","max-video-preview":"max-video-preview:-1"},"canonical":"https:\/\/thenailbar.ch\/de\/shops\/2023\/die-nail-bar-in-vevey-bekommt-ein-neues-gesicht.html","og_locale":"de_DE","og_type":"article","og_title":"Die Nail Bar in Vevey bekommt ein neues Gesicht! - The Nail Bar - Lausanne Genf Vevey Neuenburg Freiburg Monthey Biel Zuerich","og_description":"Von Montag, dem 23. Oktober, bis Samstag, dem 4. November 2023, wird die Nail Bar in Vevey komplett renoviert. Florence Stumpe, die Gr\u00fcnderin, antwortet uns...","og_url":"https:\/\/thenailbar.ch\/de\/shops\/2023\/die-nail-bar-in-vevey-bekommt-ein-neues-gesicht.html","og_site_name":"The Nail Bar - Lausanne Genf Vevey Neuenburg Freiburg Monthey Biel Zuerich","article_publisher":"https:\/\/www.facebook.com\/thenailbar.nail.switzerland\/","article_published_time":"2023-10-30T11:57:19+00:00","article_modified_time":"2023-10-30T11:57:23+00:00","og_image":[{"width":2000,"height":1500,"url":"https:\/\/thenailbar.ch\/wp2\/wp-content\/uploads\/2023\/10\/WhatsApp-Image-2023-10-26-a-15.48.46_0e711e4a-jpg.webp","type":"image\/jpeg"}],"author":"Rapha\u00ebl Cornuz","twitter_card":"summary_large_image","twitter_creator":"@TheNailBarSwiss","twitter_site":"@TheNailBarSwiss","twitter_misc":{"Verfasst von":"Rapha\u00ebl Cornuz","Gesch\u00e4tzte Lesezeit":"2\u00a0Minuten"},"schema":{"@context":"https:\/\/schema.org","@graph":[{"@type":"Article","@id":"https:\/\/thenailbar.ch\/de\/shops\/2023\/die-nail-bar-in-vevey-bekommt-ein-neues-gesicht.html#article","isPartOf":{"@id":"https:\/\/thenailbar.ch\/de\/shops\/2023\/die-nail-bar-in-vevey-bekommt-ein-neues-gesicht.html"},"author":{"name":"Rapha\u00ebl Cornuz","@id":"https:\/\/thenailbar.ch\/de#\/schema\/person\/540c4e5d6c8983ee4cd66d8f4745c051"},"headline":"Die Nail Bar in Vevey bekommt ein neues Gesicht!","datePublished":"2023-10-30T11:57:19+00:00","dateModified":"2023-10-30T11:57:23+00:00","mainEntityOfPage":{"@id":"https:\/\/thenailbar.ch\/de\/shops\/2023\/die-nail-bar-in-vevey-bekommt-ein-neues-gesicht.html"},"wordCount":349,"commentCount":0,"publisher":{"@id":"https:\/\/thenailbar.ch\/de#organization"},"image":{"@id":"https:\/\/thenailbar.ch\/de\/shops\/2023\/die-nail-bar-in-vevey-bekommt-ein-neues-gesicht.html#primaryimage"},"thumbnailUrl":"https:\/\/thenailbar.ch\/wp2\/wp-content\/uploads\/2023\/10\/WhatsApp-Image-2023-10-26-a-15.48.46_0e711e4a-jpg.webp","keywords":["Renovierung","tnb9-vevey"],"articleSection":["Shops"],"inLanguage":"de","potentialAction":[{"@type":"CommentAction","name":"Comment","target":["https:\/\/thenailbar.ch\/de\/shops\/2023\/die-nail-bar-in-vevey-bekommt-ein-neues-gesicht.html#respond"]}]},{"@type":"WebPage","@id":"https:\/\/thenailbar.ch\/de\/shops\/2023\/die-nail-bar-in-vevey-bekommt-ein-neues-gesicht.html","url":"https:\/\/thenailbar.ch\/de\/shops\/2023\/die-nail-bar-in-vevey-bekommt-ein-neues-gesicht.html","name":"Die Nail Bar in Vevey bekommt ein neues Gesicht! - The Nail Bar - Lausanne Genf Vevey Neuenburg Freiburg Monthey Biel Zuerich","isPartOf":{"@id":"https:\/\/thenailbar.ch\/de#website"},"primaryImageOfPage":{"@id":"https:\/\/thenailbar.ch\/de\/shops\/2023\/die-nail-bar-in-vevey-bekommt-ein-neues-gesicht.html#primaryimage"},"image":{"@id":"https:\/\/thenailbar.ch\/de\/shops\/2023\/die-nail-bar-in-vevey-bekommt-ein-neues-gesicht.html#primaryimage"},"thumbnailUrl":"https:\/\/thenailbar.ch\/wp2\/wp-content\/uploads\/2023\/10\/WhatsApp-Image-2023-10-26-a-15.48.46_0e711e4a-jpg.webp","datePublished":"2023-10-30T11:57:19+00:00","dateModified":"2023-10-30T11:57:23+00:00","description":"Von Montag, dem 23. Oktober, bis Samstag, dem 4. November 2023, wird die Nail Bar in Vevey komplett renoviert. Florence Stumpe, die Gr\u00fcnderin, antwortet uns...","breadcrumb":{"@id":"https:\/\/thenailbar.ch\/de\/shops\/2023\/die-nail-bar-in-vevey-bekommt-ein-neues-gesicht.html#breadcrumb"},"inLanguage":"de","potentialAction":[{"@type":"ReadAction","target":["https:\/\/thenailbar.ch\/de\/shops\/2023\/die-nail-bar-in-vevey-bekommt-ein-neues-gesicht.html"]}]},{"@type":"ImageObject","inLanguage":"de","@id":"https:\/\/thenailbar.ch\/de\/shops\/2023\/die-nail-bar-in-vevey-bekommt-ein-neues-gesicht.html#primaryimage","url":"https:\/\/thenailbar.ch\/wp2\/wp-content\/uploads\/2023\/10\/WhatsApp-Image-2023-10-26-a-15.48.46_0e711e4a-jpg.webp","contentUrl":"https:\/\/thenailbar.ch\/wp2\/wp-content\/uploads\/2023\/10\/WhatsApp-Image-2023-10-26-a-15.48.46_0e711e4a-jpg.webp","width":2000,"height":1500},{"@type":"BreadcrumbList","@id":"https:\/\/thenailbar.ch\/de\/shops\/2023\/die-nail-bar-in-vevey-bekommt-ein-neues-gesicht.html#breadcrumb","itemListElement":[{"@type":"ListItem","position":1,"name":"Accueil","item":"https:\/\/thenailbar.ch\/de"},{"@type":"ListItem","position":2,"name":"Die Nail Bar in Vevey bekommt ein neues Gesicht!"}]},{"@type":"WebSite","@id":"https:\/\/thenailbar.ch\/de#website","url":"https:\/\/thenailbar.ch\/de","name":"The Nail Bar - Sans ou Avec rendez-vous!","description":"\u201cOhne oder Mit Termin!\u201d","publisher":{"@id":"https:\/\/thenailbar.ch\/de#organization"},"alternateName":"The Nail Bar","potentialAction":[{"@type":"SearchAction","target":{"@type":"EntryPoint","urlTemplate":"https:\/\/thenailbar.ch\/de?s={search_term_string}"},"query-input":{"@type":"PropertyValueSpecification","valueRequired":true,"valueName":"search_term_string"}}],"inLanguage":"de"},{"@type":"Organization","@id":"https:\/\/thenailbar.ch\/de#organization","name":"The Nail Bar","url":"https:\/\/thenailbar.ch\/de","logo":{"@type":"ImageObject","inLanguage":"de","@id":"https:\/\/thenailbar.ch\/de#\/schema\/logo\/image\/","url":"https:\/\/i0.wp.com\/thenailbar.ch\/wp2\/wp-content\/uploads\/2018\/09\/android-chrome-192x192.png?fit=192%2C192&ssl=1","contentUrl":"https:\/\/i0.wp.com\/thenailbar.ch\/wp2\/wp-content\/uploads\/2018\/09\/android-chrome-192x192.png?fit=192%2C192&ssl=1","width":192,"height":192,"caption":"The Nail Bar"},"image":{"@id":"https:\/\/thenailbar.ch\/de#\/schema\/logo\/image\/"},"sameAs":["https:\/\/www.facebook.com\/thenailbar.nail.switzerland\/","https:\/\/x.com\/TheNailBarSwiss","https:\/\/www.instagram.com\/thenailbarswitzerland\/","https:\/\/www.pinterest.ch\/thenailbarswitzerland\/","https:\/\/www.youtube.com\/channel\/UCAZSdCTBJp-1F91xL1wZHQg"]},{"@type":"Person","@id":"https:\/\/thenailbar.ch\/de#\/schema\/person\/540c4e5d6c8983ee4cd66d8f4745c051","name":"Rapha\u00ebl Cornuz","image":{"@type":"ImageObject","inLanguage":"de","@id":"https:\/\/secure.gravatar.com\/avatar\/8ba2434b1e1b40a90131bc1f1ecafd649730f36aca8c8ecb3e2d5899593b4165?s=96&d=mm&r=g","url":"https:\/\/secure.gravatar.com\/avatar\/8ba2434b1e1b40a90131bc1f1ecafd649730f36aca8c8ecb3e2d5899593b4165?s=96&d=mm&r=g","contentUrl":"https:\/\/secure.gravatar.com\/avatar\/8ba2434b1e1b40a90131bc1f1ecafd649730f36aca8c8ecb3e2d5899593b4165?s=96&d=mm&r=g","caption":"Rapha\u00ebl Cornuz"},"sameAs":["https:\/\/cornuz.com"]}]}},"jetpack_publicize_connections":[],"jetpack_featured_media_url":"https:\/\/thenailbar.ch\/wp2\/wp-content\/uploads\/2023\/10\/WhatsApp-Image-2023-10-26-a-15.48.46_0e711e4a-jpg.webp","jetpack_sharing_enabled":true,"jetpack-related-posts":[],"jetpack_shortlink":"https:\/\/wp.me\/patLF0-4dd","_links":{"self":[{"href":"https:\/\/thenailbar.ch\/de\/wp-json\/wp\/v2\/posts\/16195","targetHints":{"allow":["GET"]}}],"collection":[{"href":"https:\/\/thenailbar.ch\/de\/wp-json\/wp\/v2\/posts"}],"about":[{"href":"https:\/\/thenailbar.ch\/de\/wp-json\/wp\/v2\/types\/post"}],"author":[{"embeddable":true,"href":"https:\/\/thenailbar.ch\/de\/wp-json\/wp\/v2\/users\/1"}],"replies":[{"embeddable":true,"href":"https:\/\/thenailbar.ch\/de\/wp-json\/wp\/v2\/comments?post=16195"}],"version-history":[{"count":1,"href":"https:\/\/thenailbar.ch\/de\/wp-json\/wp\/v2\/posts\/16195\/revisions"}],"predecessor-version":[{"id":16196,"href":"https:\/\/thenailbar.ch\/de\/wp-json\/wp\/v2\/posts\/16195\/revisions\/16196"}],"wp:featuredmedia":[{"embeddable":true,"href":"https:\/\/thenailbar.ch\/de\/wp-json\/wp\/v2\/media\/16165"}],"wp:attachment":[{"href":"https:\/\/thenailbar.ch\/de\/wp-json\/wp\/v2\/media?parent=16195"}],"wp:term":[{"taxonomy":"category","embeddable":true,"href":"https:\/\/thenailbar.ch\/de\/wp-json\/wp\/v2\/categories?post=16195"},{"taxonomy":"post_tag","embeddable":true,"href":"https:\/\/thenailbar.ch\/de\/wp-json\/wp\/v2\/tags?post=16195"}],"curies":[{"name":"wp","href":"https:\/\/api.w.org\/{rel}","templated":true}]}}