{"id":15807,"date":"2023-06-23T16:17:39","date_gmt":"2023-06-23T14:17:39","guid":{"rendered":"https:\/\/thenailbar.ch\/?p=15807"},"modified":"2023-10-05T16:37:49","modified_gmt":"2023-10-05T14:37:49","slug":"die-neue-indigo-kollektion-leuchtende-farben-fur-den-sommer-2023","status":"publish","type":"post","link":"https:\/\/thenailbar.ch\/de\/produkte\/2023\/die-neue-indigo-kollektion-leuchtende-farben-fur-den-sommer-2023.html","title":{"rendered":"Die neue Indigo-Kollektion: leuchtende Farben f\u00fcr den Sommer 2023!"},"content":{"rendered":"<div class=\"wp-block-image is-style-default\">\n<figure class=\"aligncenter size-full\"><img loading=\"lazy\" decoding=\"async\" width=\"2160\" height=\"1020\" src=\"https:\/\/thenailbar.ch\/wp2\/wp-content\/uploads\/2023\/06\/TNB-PRODUCT-23-024-AI-Indigo-Summer-WPcover-2160x1020-1-jpg.webp\" alt=\"\" class=\"wp-image-15851\" srcset=\"https:\/\/thenailbar.ch\/wp2\/wp-content\/uploads\/2023\/06\/TNB-PRODUCT-23-024-AI-Indigo-Summer-WPcover-2160x1020-1-jpg.webp 2160w, https:\/\/thenailbar.ch\/wp2\/wp-content\/uploads\/2023\/06\/TNB-PRODUCT-23-024-AI-Indigo-Summer-WPcover-2160x1020-1-260x123.webp 260w, https:\/\/thenailbar.ch\/wp2\/wp-content\/uploads\/2023\/06\/TNB-PRODUCT-23-024-AI-Indigo-Summer-WPcover-2160x1020-1-560x264.webp 560w, https:\/\/thenailbar.ch\/wp2\/wp-content\/uploads\/2023\/06\/TNB-PRODUCT-23-024-AI-Indigo-Summer-WPcover-2160x1020-1-768x363.webp 768w, https:\/\/thenailbar.ch\/wp2\/wp-content\/uploads\/2023\/06\/TNB-PRODUCT-23-024-AI-Indigo-Summer-WPcover-2160x1020-1-1536x725.webp 1536w, https:\/\/thenailbar.ch\/wp2\/wp-content\/uploads\/2023\/06\/TNB-PRODUCT-23-024-AI-Indigo-Summer-WPcover-2160x1020-1-2048x967.webp 2048w, https:\/\/thenailbar.ch\/wp2\/wp-content\/uploads\/2023\/06\/TNB-PRODUCT-23-024-AI-Indigo-Summer-WPcover-2160x1020-1-1080x510.webp 1080w\" sizes=\"(max-width: 2160px) 100vw, 2160px\" \/><\/figure>\n<\/div>\n<h2 class=\"wp-block-heading\">Semi-permanente Lacke von Indigo Nails Lab: Qualit\u00e4t f\u00fcr Ihre Sch\u00f6nheit<\/h2>\n\n<p>Sie sind auf der Suche nach qualitativ hochwertigen, hochpigmentierten und deckenden semipermanenten Lacken? Sie lieben leuchtende, vibrierende und trendige Farbt\u00f6ne? Dann werden Sie die neue Lackkollektion von Indigo nails lab lieben: SUMMER 2023!<\/p>\n\n<p>Indigo nails lab ist eine polnische Marke, die f\u00fcr ihre professionellen Nagelpflegeprodukte und Kosmetika bekannt ist. Die Nagellacke von Indigo nails lab sind mit hochwertigen Inhaltsstoffen formuliert, die Ihre N\u00e4gel und die Umwelt schonen. Sie sind au\u00dferdem &#8222;9-free formula&#8220;, d. h. sie enthalten keine der 9 gesundheitssch\u00e4dlichsten Inhaltsstoffe.<\/p>\n<div class=\"wp-block-image is-style-rounded\">\n<figure class=\"alignright size-large is-resized\"><img loading=\"lazy\" decoding=\"async\" src=\"https:\/\/thenailbar.ch\/wp2\/wp-content\/uploads\/2023\/06\/vernis-semi-permanent-lovelas-gel-polish-indigonails-belgique-standard-scale-3_00x-cropped-gigapixel-edited-1.webp\" alt=\"\" class=\"wp-image-15823\" style=\"width:295px;height:471px\" width=\"295\" height=\"471\" srcset=\"https:\/\/thenailbar.ch\/wp2\/wp-content\/uploads\/2023\/06\/vernis-semi-permanent-lovelas-gel-polish-indigonails-belgique-standard-scale-3_00x-cropped-gigapixel-edited-1.webp 1118w, https:\/\/thenailbar.ch\/wp2\/wp-content\/uploads\/2023\/06\/vernis-semi-permanent-lovelas-gel-polish-indigonails-belgique-standard-scale-3_00x-cropped-gigapixel-edited-1-122x195.webp 122w, https:\/\/thenailbar.ch\/wp2\/wp-content\/uploads\/2023\/06\/vernis-semi-permanent-lovelas-gel-polish-indigonails-belgique-standard-scale-3_00x-cropped-gigapixel-edited-1-560x896.webp 560w, https:\/\/thenailbar.ch\/wp2\/wp-content\/uploads\/2023\/06\/vernis-semi-permanent-lovelas-gel-polish-indigonails-belgique-standard-scale-3_00x-cropped-gigapixel-edited-1-768x1228.webp 768w, https:\/\/thenailbar.ch\/wp2\/wp-content\/uploads\/2023\/06\/vernis-semi-permanent-lovelas-gel-polish-indigonails-belgique-standard-scale-3_00x-cropped-gigapixel-edited-1-960x1536.webp 960w, https:\/\/thenailbar.ch\/wp2\/wp-content\/uploads\/2023\/06\/vernis-semi-permanent-lovelas-gel-polish-indigonails-belgique-standard-scale-3_00x-cropped-gigapixel-edited-1-1080x1727.webp 1080w\" sizes=\"(max-width: 295px) 100vw, 295px\" \/><\/figure>\n<\/div>\n<p>Die Nagellacke von Indigo nails lab lassen sich dank des ergonomischen Pinsels und der fl\u00fcssigen Textur leicht auftragen. Sie katalysieren innerhalb von 60 Sekunden unter LED-Licht und bieten einen au\u00dfergew\u00f6hnlich langen Halt, ohne abzubl\u00e4ttern oder matt zu werden. Sie sind auch mit UV-Gelen und Acrylharzen kompatibel.<\/p>\n\n<h2 class=\"wp-block-heading\">Fluomania Lovelas: die Hauptfarbe der Kollektion, die Sie unbedingt tragen sollten!<\/h2>\n\n<p>Wenn Sie nur eine Farbe aus dieser Kollektion w\u00e4hlen d\u00fcrften, w\u00e4re es definitiv Lovelas Fluomania! Dieses Fluororange ist die Hauptfarbe des Sommers 2023, die alle K\u00f6pfe verdrehen wird!<\/p>\n\n<p>Lovelas Fluomania ist eine gewagte Farbe, die Ihre spritzige Pers\u00f6nlichkeit und Ihre Lebensfreude zum Ausdruck bringt. Sie ist ideal, um Ihre Br\u00e4une hervorzuheben und Ihrem Look einen Hauch von Pep zu verleihen.<\/p>\n\n<p>Lovelas Fluomania passt perfekt zu Wei\u00df, Schwarz, Denim oder Khaki. Sie k\u00f6nnen ihn auf allen Ihren N\u00e4geln tragen oder ihn mit anderen Farben aus der Kollektion kombinieren, um originelle und kreative Nailart zu kreieren.<\/p>\n\n<p><p><strong>Lovelas Fluomania ist auch der perfekte Nagellack f\u00fcr Sommerpartys, da er im Dunkeln leuchtet! Sie werden mit Ihren leuchtenden und farbenfrohen N\u00e4geln f\u00fcr Aufsehen sorgen!<\/strong><\/p><\/p>\n\n<h2 class=\"wp-block-heading\">Indigo SUMMER 2023 Collection ab sofort in allen Nail Bars<\/h2>\n\n<p>Die SUMMER 2023-Kollektion ist ab heute in allen The Nail Bars in der Schweiz erh\u00e4ltlich. Sie k\u00f6nnen ohne oder mit Terminvereinbarung kommen und Ihre H\u00e4nde und F\u00fc\u00dfe verw\u00f6hnen lassen, w\u00e4hrend Sie an einem Getr\u00e4nk nippen.<\/p>\n\n<p>Sie k\u00f6nnen die Kollektion SUMMER 2023 auch in den Gesch\u00e4ften von The Nail Bar kaufen, wo Sie auch andere Nagelprodukte und Kosmetika finden. Sie k\u00f6nnen sich auch von qualifizierten Fachkr\u00e4ften, die in den Techniken von Indigo Nails Lab geschult sind, einen semipermanenten Nagellack auftragen lassen.<\/p>\n\n<p>Die Farben, die Sie hier sehen, werden Sie begeistern!<\/p>\n\n<figure class=\"wp-block-embed is-type-video is-provider-youtube wp-block-embed-youtube wp-embed-aspect-16-9 wp-has-aspect-ratio\">\r\n<div class=\"wp-block-embed__wrapper\">https:\/\/youtu.be\/OfwyK0dfiLM<\/div>\r\n<\/figure>\n\n<h2 class=\"wp-block-heading\">SUMMER 2023: eine Kollektion von 6 neuen Farben, inspiriert von sommerlichen Landschaften und Stimmungen<\/h2>\n\n<p>Die Kollektion SUMMER 2023 bietet Ihnen 6 neue Farben, die von sommerlichen Landschaften und Stimmungen inspiriert sind. Egal, ob Sie eher Strand, Berge oder Stadt bevorzugen, Sie werden unter diesen Nuancen garantiert Ihr Gl\u00fcck finden:<\/p>\n\n<ul class=\"wp-block-list\">\n<li><p><strong>Fluomania Lovelas<\/strong>: ein neonfarbenes Orange, das Ihre Energie dynamisiert<\/p><\/li>\n\n\n\n<li><p><strong>Holly Molly<\/strong>: ein Mintgr\u00fcn, das Ihren Stil erfrischt<\/p><\/li>\n\n\n\n<li><p><strong>Kamila Vanilla<\/strong>: ein nudefarbenes Beige, das zu allem passt<\/p><\/li>\n\n\n\n<li><p><strong>Oatstanding<\/strong>: ein helles Braun, das Ihren Teint w\u00e4rmt<\/p><\/li>\n\n\n\n<li><p><strong>Pastelina<\/strong>: ein sanftes Lila, das Ihren Blick weicher macht<\/p><\/li>\n\n\n\n<li><p><strong>Pinknochio<\/strong>: ein bonbonfarbenes Rosa, das Ihr L\u00e4cheln aufhellt<\/p><\/li>\n<\/ul>\n\n<figure class=\"wp-block-gallery has-nested-images columns-3 is-cropped wp-block-gallery-1 is-layout-flex wp-block-gallery-is-layout-flex\">\n<figure class=\"wp-block-image size-large\"><a href=\"https:\/\/thenailbar.ch\/wp2\/wp-content\/uploads\/2023\/06\/bottle-indogo-2023-summer-lovelas.png\" target=\"_blank\" rel=\"noopener\"><img loading=\"lazy\" decoding=\"async\" width=\"171\" height=\"215\" data-id=\"15836\" src=\"https:\/\/thenailbar.ch\/wp2\/wp-content\/uploads\/2023\/06\/bottle-indogo-2023-summer-lovelas.png\" alt=\"indigo 2023 summer lovelas\" class=\"wp-image-15836\" srcset=\"https:\/\/thenailbar.ch\/wp2\/wp-content\/uploads\/2023\/06\/bottle-indogo-2023-summer-lovelas.png 171w, https:\/\/thenailbar.ch\/wp2\/wp-content\/uploads\/2023\/06\/bottle-indogo-2023-summer-lovelas-155x195.png 155w\" sizes=\"(max-width: 171px) 100vw, 171px\" \/><\/a><figcaption class=\"wp-element-caption\">lovelas<\/figcaption><\/figure>\n\n\n\n<figure class=\"wp-block-image size-large\"><a href=\"https:\/\/thenailbar.ch\/wp2\/wp-content\/uploads\/2023\/06\/bottle-indogo-2023-summer-holy-lolly.png\" target=\"_blank\" rel=\"noopener\"><img loading=\"lazy\" decoding=\"async\" width=\"171\" height=\"215\" data-id=\"15830\" src=\"https:\/\/thenailbar.ch\/wp2\/wp-content\/uploads\/2023\/06\/bottle-indogo-2023-summer-holy-lolly.png\" alt=\"indigo 2023 summer holy lolly\" class=\"wp-image-15830\" srcset=\"https:\/\/thenailbar.ch\/wp2\/wp-content\/uploads\/2023\/06\/bottle-indogo-2023-summer-holy-lolly.png 171w, https:\/\/thenailbar.ch\/wp2\/wp-content\/uploads\/2023\/06\/bottle-indogo-2023-summer-holy-lolly-155x195.png 155w\" sizes=\"(max-width: 171px) 100vw, 171px\" \/><\/a><figcaption class=\"wp-element-caption\">holy lolly<\/figcaption><\/figure>\n\n\n\n<figure class=\"wp-block-image size-large\"><a href=\"https:\/\/thenailbar.ch\/wp2\/wp-content\/uploads\/2023\/06\/bottle-indogo-2023-summer-kamila-vanilla.png\" target=\"_blank\" rel=\"noopener\"><img loading=\"lazy\" decoding=\"async\" width=\"171\" height=\"215\" data-id=\"15833\" src=\"https:\/\/thenailbar.ch\/wp2\/wp-content\/uploads\/2023\/06\/bottle-indogo-2023-summer-kamila-vanilla.png\" alt=\"indigo 2023 summer kamila vanilla\" class=\"wp-image-15833\" srcset=\"https:\/\/thenailbar.ch\/wp2\/wp-content\/uploads\/2023\/06\/bottle-indogo-2023-summer-kamila-vanilla.png 171w, https:\/\/thenailbar.ch\/wp2\/wp-content\/uploads\/2023\/06\/bottle-indogo-2023-summer-kamila-vanilla-155x195.png 155w\" sizes=\"(max-width: 171px) 100vw, 171px\" \/><\/a><figcaption class=\"wp-element-caption\">kamila vanilla<\/figcaption><\/figure>\n\n\n\n<figure class=\"wp-block-image size-large\"><a href=\"https:\/\/thenailbar.ch\/wp2\/wp-content\/uploads\/2023\/06\/bottle-indogo-2023-summer-oatstanding.png\" target=\"_blank\" rel=\"noopener\"><img loading=\"lazy\" decoding=\"async\" width=\"171\" height=\"215\" data-id=\"15839\" src=\"https:\/\/thenailbar.ch\/wp2\/wp-content\/uploads\/2023\/06\/bottle-indogo-2023-summer-oatstanding.png\" alt=\"indigo 2023 summer oatstanding\" class=\"wp-image-15839\" srcset=\"https:\/\/thenailbar.ch\/wp2\/wp-content\/uploads\/2023\/06\/bottle-indogo-2023-summer-oatstanding.png 171w, https:\/\/thenailbar.ch\/wp2\/wp-content\/uploads\/2023\/06\/bottle-indogo-2023-summer-oatstanding-155x195.png 155w\" sizes=\"(max-width: 171px) 100vw, 171px\" \/><\/a><figcaption class=\"wp-element-caption\">oatstanding<\/figcaption><\/figure>\n\n\n\n<figure class=\"wp-block-image size-large\"><a href=\"https:\/\/thenailbar.ch\/wp2\/wp-content\/uploads\/2023\/06\/bottle-indogo-2023-summer-pastelina.png\" target=\"_blank\" rel=\"noopener\"><img loading=\"lazy\" decoding=\"async\" width=\"171\" height=\"215\" data-id=\"15842\" src=\"https:\/\/thenailbar.ch\/wp2\/wp-content\/uploads\/2023\/06\/bottle-indogo-2023-summer-pastelina.png\" alt=\"indigo 2023 summer pastelina\" class=\"wp-image-15842\" srcset=\"https:\/\/thenailbar.ch\/wp2\/wp-content\/uploads\/2023\/06\/bottle-indogo-2023-summer-pastelina.png 171w, https:\/\/thenailbar.ch\/wp2\/wp-content\/uploads\/2023\/06\/bottle-indogo-2023-summer-pastelina-155x195.png 155w\" sizes=\"(max-width: 171px) 100vw, 171px\" \/><\/a><figcaption class=\"wp-element-caption\">pastelina<\/figcaption><\/figure>\n\n\n\n<figure class=\"wp-block-image size-large\"><a href=\"https:\/\/thenailbar.ch\/wp2\/wp-content\/uploads\/2023\/06\/bottle-indogo-2023-summer-pinknochio.png\" target=\"_blank\" rel=\"noopener\"><img loading=\"lazy\" decoding=\"async\" width=\"171\" height=\"215\" data-id=\"15845\" src=\"https:\/\/thenailbar.ch\/wp2\/wp-content\/uploads\/2023\/06\/bottle-indogo-2023-summer-pinknochio.png\" alt=\"indigo 2023 summer pinknochio\" class=\"wp-image-15845\" srcset=\"https:\/\/thenailbar.ch\/wp2\/wp-content\/uploads\/2023\/06\/bottle-indogo-2023-summer-pinknochio.png 171w, https:\/\/thenailbar.ch\/wp2\/wp-content\/uploads\/2023\/06\/bottle-indogo-2023-summer-pinknochio-155x195.png 155w\" sizes=\"(max-width: 171px) 100vw, 171px\" \/><\/a><figcaption class=\"wp-element-caption\">pinknochio<\/figcaption><\/figure>\n<\/figure>\n\n<div style=\"height:60px\" aria-hidden=\"true\" class=\"wp-block-spacer\"><\/div>\n","protected":false},"excerpt":{"rendered":"<p>Semi-permanente Lacke von Indigo Nails Lab: Qualit\u00e4t f\u00fcr Ihre Sch\u00f6nheit Sie sind auf der Suche nach qualitativ hochwertigen, hochpigmentierten und deckenden semipermanenten Lacken? Sie lieben leuchtende, vibrierende und trendige Farbt\u00f6ne? Dann werden Sie die neue Lackkollektion von Indigo nails lab lieben: SUMMER 2023! Indigo nails lab ist eine polnische Marke, die f\u00fcr ihre professionellen Nagelpflegeprodukte &hellip; <a href=\"https:\/\/thenailbar.ch\/de\/produkte\/2023\/die-neue-indigo-kollektion-leuchtende-farben-fur-den-sommer-2023.html\">Continued<\/a><\/p>\n","protected":false},"author":1,"featured_media":15814,"comment_status":"open","ping_status":"open","sticky":false,"template":"","format":"standard","meta":{"_acf_changed":false,"_et_pb_use_builder":"","_et_pb_old_content":"","_et_gb_content_width":"","jetpack_post_was_ever_published":false,"_jetpack_newsletter_access":"","_jetpack_dont_email_post_to_subs":false,"_jetpack_newsletter_tier_id":0,"_jetpack_memberships_contains_paywalled_content":false,"_jetpack_memberships_contains_paid_content":false,"footnotes":"","jetpack_publicize_message":"","jetpack_publicize_feature_enabled":true,"jetpack_social_post_already_shared":false,"jetpack_social_options":{"image_generator_settings":{"template":"highway","default_image_id":0,"font":"","enabled":false},"version":2}},"categories":[262],"tags":[286],"class_list":["post-15807","post","type-post","status-publish","format-standard","has-post-thumbnail","hentry","category-produkte","tag-marke-indigo-nails-lab"],"acf":[],"yoast_head":"<!-- This site is optimized with the Yoast SEO plugin v27.5 - https:\/\/yoast.com\/product\/yoast-seo-wordpress\/ -->\n<title>Die neue Indigo-Kollektion: leuchtende Farben f\u00fcr den Sommer 2023!<\/title>\n<meta name=\"description\" content=\"Indigo Collection Sommer 2023 ab sofort in allen Nail Bars\" \/>\n<meta name=\"robots\" content=\"index, follow, max-snippet:-1, max-image-preview:large, max-video-preview:-1\" \/>\n<link rel=\"canonical\" href=\"https:\/\/thenailbar.ch\/de\/produkte\/2023\/die-neue-indigo-kollektion-leuchtende-farben-fur-den-sommer-2023.html\" \/>\n<meta property=\"og:locale\" content=\"de_DE\" \/>\n<meta property=\"og:type\" content=\"article\" \/>\n<meta property=\"og:title\" content=\"Die neue Indigo-Kollektion: leuchtende Farben f\u00fcr den Sommer 2023!\" \/>\n<meta property=\"og:description\" content=\"Indigo Collection Sommer 2023 ab sofort in allen Nail Bars\" \/>\n<meta property=\"og:url\" content=\"https:\/\/thenailbar.ch\/de\/produkte\/2023\/die-neue-indigo-kollektion-leuchtende-farben-fur-den-sommer-2023.html\" \/>\n<meta property=\"og:site_name\" content=\"The Nail Bar - Lausanne Genf Vevey Neuenburg Freiburg Monthey Biel Zuerich\" \/>\n<meta property=\"article:publisher\" content=\"https:\/\/www.facebook.com\/thenailbar.nail.switzerland\/\" \/>\n<meta property=\"article:published_time\" content=\"2023-06-23T14:17:39+00:00\" \/>\n<meta property=\"article:modified_time\" content=\"2023-10-05T14:37:49+00:00\" \/>\n<meta property=\"og:image\" content=\"https:\/\/thenailbar.ch\/wp2\/wp-content\/uploads\/2023\/06\/TNB-PRODUCT-23-023-Indigo-Summer-WPcover-2160x1020-1-jpg.webp\" \/>\n\t<meta property=\"og:image:width\" content=\"2160\" \/>\n\t<meta property=\"og:image:height\" content=\"1020\" \/>\n\t<meta property=\"og:image:type\" content=\"image\/jpeg\" \/>\n<meta name=\"author\" content=\"Rapha\u00ebl Cornuz\" \/>\n<meta name=\"twitter:card\" content=\"summary_large_image\" \/>\n<meta name=\"twitter:creator\" content=\"@TheNailBarSwiss\" \/>\n<meta name=\"twitter:site\" content=\"@TheNailBarSwiss\" \/>\n<meta name=\"twitter:label1\" content=\"Verfasst von\" \/>\n\t<meta name=\"twitter:data1\" content=\"Rapha\u00ebl Cornuz\" \/>\n\t<meta name=\"twitter:label2\" content=\"Gesch\u00e4tzte Lesezeit\" \/>\n\t<meta name=\"twitter:data2\" content=\"6\u00a0Minuten\" \/>\n<script type=\"application\/ld+json\" class=\"yoast-schema-graph\">{\"@context\":\"https:\\\/\\\/schema.org\",\"@graph\":[{\"@type\":\"Article\",\"@id\":\"https:\\\/\\\/thenailbar.ch\\\/de\\\/produkte\\\/2023\\\/die-neue-indigo-kollektion-leuchtende-farben-fur-den-sommer-2023.html#article\",\"isPartOf\":{\"@id\":\"https:\\\/\\\/thenailbar.ch\\\/de\\\/produkte\\\/2023\\\/die-neue-indigo-kollektion-leuchtende-farben-fur-den-sommer-2023.html\"},\"author\":{\"name\":\"Rapha\u00ebl Cornuz\",\"@id\":\"https:\\\/\\\/thenailbar.ch\\\/de#\\\/schema\\\/person\\\/540c4e5d6c8983ee4cd66d8f4745c051\"},\"headline\":\"Die neue Indigo-Kollektion: leuchtende Farben f\u00fcr den Sommer 2023!\",\"datePublished\":\"2023-06-23T14:17:39+00:00\",\"dateModified\":\"2023-10-05T14:37:49+00:00\",\"mainEntityOfPage\":{\"@id\":\"https:\\\/\\\/thenailbar.ch\\\/de\\\/produkte\\\/2023\\\/die-neue-indigo-kollektion-leuchtende-farben-fur-den-sommer-2023.html\"},\"wordCount\":516,\"commentCount\":0,\"publisher\":{\"@id\":\"https:\\\/\\\/thenailbar.ch\\\/de#organization\"},\"image\":{\"@id\":\"https:\\\/\\\/thenailbar.ch\\\/de\\\/produkte\\\/2023\\\/die-neue-indigo-kollektion-leuchtende-farben-fur-den-sommer-2023.html#primaryimage\"},\"thumbnailUrl\":\"https:\\\/\\\/thenailbar.ch\\\/wp2\\\/wp-content\\\/uploads\\\/2023\\\/06\\\/TNB-PRODUCT-23-023-Indigo-Summer-WPcover-2160x1020-1-jpg.webp\",\"keywords\":[\"Indigo Nails Lab\"],\"articleSection\":[\"Produkte\"],\"inLanguage\":\"de\",\"potentialAction\":[{\"@type\":\"CommentAction\",\"name\":\"Comment\",\"target\":[\"https:\\\/\\\/thenailbar.ch\\\/de\\\/produkte\\\/2023\\\/die-neue-indigo-kollektion-leuchtende-farben-fur-den-sommer-2023.html#respond\"]}]},{\"@type\":\"WebPage\",\"@id\":\"https:\\\/\\\/thenailbar.ch\\\/de\\\/produkte\\\/2023\\\/die-neue-indigo-kollektion-leuchtende-farben-fur-den-sommer-2023.html\",\"url\":\"https:\\\/\\\/thenailbar.ch\\\/de\\\/produkte\\\/2023\\\/die-neue-indigo-kollektion-leuchtende-farben-fur-den-sommer-2023.html\",\"name\":\"Die neue Indigo-Kollektion: leuchtende Farben f\u00fcr den Sommer 2023!\",\"isPartOf\":{\"@id\":\"https:\\\/\\\/thenailbar.ch\\\/de#website\"},\"primaryImageOfPage\":{\"@id\":\"https:\\\/\\\/thenailbar.ch\\\/de\\\/produkte\\\/2023\\\/die-neue-indigo-kollektion-leuchtende-farben-fur-den-sommer-2023.html#primaryimage\"},\"image\":{\"@id\":\"https:\\\/\\\/thenailbar.ch\\\/de\\\/produkte\\\/2023\\\/die-neue-indigo-kollektion-leuchtende-farben-fur-den-sommer-2023.html#primaryimage\"},\"thumbnailUrl\":\"https:\\\/\\\/thenailbar.ch\\\/wp2\\\/wp-content\\\/uploads\\\/2023\\\/06\\\/TNB-PRODUCT-23-023-Indigo-Summer-WPcover-2160x1020-1-jpg.webp\",\"datePublished\":\"2023-06-23T14:17:39+00:00\",\"dateModified\":\"2023-10-05T14:37:49+00:00\",\"description\":\"Indigo Collection Sommer 2023 ab sofort in allen Nail Bars\",\"breadcrumb\":{\"@id\":\"https:\\\/\\\/thenailbar.ch\\\/de\\\/produkte\\\/2023\\\/die-neue-indigo-kollektion-leuchtende-farben-fur-den-sommer-2023.html#breadcrumb\"},\"inLanguage\":\"de\",\"potentialAction\":[{\"@type\":\"ReadAction\",\"target\":[\"https:\\\/\\\/thenailbar.ch\\\/de\\\/produkte\\\/2023\\\/die-neue-indigo-kollektion-leuchtende-farben-fur-den-sommer-2023.html\"]}]},{\"@type\":\"ImageObject\",\"inLanguage\":\"de\",\"@id\":\"https:\\\/\\\/thenailbar.ch\\\/de\\\/produkte\\\/2023\\\/die-neue-indigo-kollektion-leuchtende-farben-fur-den-sommer-2023.html#primaryimage\",\"url\":\"https:\\\/\\\/thenailbar.ch\\\/wp2\\\/wp-content\\\/uploads\\\/2023\\\/06\\\/TNB-PRODUCT-23-023-Indigo-Summer-WPcover-2160x1020-1-jpg.webp\",\"contentUrl\":\"https:\\\/\\\/thenailbar.ch\\\/wp2\\\/wp-content\\\/uploads\\\/2023\\\/06\\\/TNB-PRODUCT-23-023-Indigo-Summer-WPcover-2160x1020-1-jpg.webp\",\"width\":2160,\"height\":1020},{\"@type\":\"BreadcrumbList\",\"@id\":\"https:\\\/\\\/thenailbar.ch\\\/de\\\/produkte\\\/2023\\\/die-neue-indigo-kollektion-leuchtende-farben-fur-den-sommer-2023.html#breadcrumb\",\"itemListElement\":[{\"@type\":\"ListItem\",\"position\":1,\"name\":\"Accueil\",\"item\":\"https:\\\/\\\/thenailbar.ch\\\/de\"},{\"@type\":\"ListItem\",\"position\":2,\"name\":\"Die neue Indigo-Kollektion: leuchtende Farben f\u00fcr den Sommer 2023!\"}]},{\"@type\":\"WebSite\",\"@id\":\"https:\\\/\\\/thenailbar.ch\\\/de#website\",\"url\":\"https:\\\/\\\/thenailbar.ch\\\/de\",\"name\":\"The Nail Bar - Sans ou Avec rendez-vous!\",\"description\":\"\u201cOhne oder Mit Termin!\u201d\",\"publisher\":{\"@id\":\"https:\\\/\\\/thenailbar.ch\\\/de#organization\"},\"alternateName\":\"The Nail Bar\",\"potentialAction\":[{\"@type\":\"SearchAction\",\"target\":{\"@type\":\"EntryPoint\",\"urlTemplate\":\"https:\\\/\\\/thenailbar.ch\\\/de?s={search_term_string}\"},\"query-input\":{\"@type\":\"PropertyValueSpecification\",\"valueRequired\":true,\"valueName\":\"search_term_string\"}}],\"inLanguage\":\"de\"},{\"@type\":\"Organization\",\"@id\":\"https:\\\/\\\/thenailbar.ch\\\/de#organization\",\"name\":\"The Nail Bar\",\"url\":\"https:\\\/\\\/thenailbar.ch\\\/de\",\"logo\":{\"@type\":\"ImageObject\",\"inLanguage\":\"de\",\"@id\":\"https:\\\/\\\/thenailbar.ch\\\/de#\\\/schema\\\/logo\\\/image\\\/\",\"url\":\"https:\\\/\\\/i0.wp.com\\\/thenailbar.ch\\\/wp2\\\/wp-content\\\/uploads\\\/2018\\\/09\\\/android-chrome-192x192.png?fit=192%2C192&ssl=1\",\"contentUrl\":\"https:\\\/\\\/i0.wp.com\\\/thenailbar.ch\\\/wp2\\\/wp-content\\\/uploads\\\/2018\\\/09\\\/android-chrome-192x192.png?fit=192%2C192&ssl=1\",\"width\":192,\"height\":192,\"caption\":\"The Nail Bar\"},\"image\":{\"@id\":\"https:\\\/\\\/thenailbar.ch\\\/de#\\\/schema\\\/logo\\\/image\\\/\"},\"sameAs\":[\"https:\\\/\\\/www.facebook.com\\\/thenailbar.nail.switzerland\\\/\",\"https:\\\/\\\/x.com\\\/TheNailBarSwiss\",\"https:\\\/\\\/www.instagram.com\\\/thenailbarswitzerland\\\/\",\"https:\\\/\\\/www.pinterest.ch\\\/thenailbarswitzerland\\\/\",\"https:\\\/\\\/www.youtube.com\\\/channel\\\/UCAZSdCTBJp-1F91xL1wZHQg\"]},{\"@type\":\"Person\",\"@id\":\"https:\\\/\\\/thenailbar.ch\\\/de#\\\/schema\\\/person\\\/540c4e5d6c8983ee4cd66d8f4745c051\",\"name\":\"Rapha\u00ebl Cornuz\",\"image\":{\"@type\":\"ImageObject\",\"inLanguage\":\"de\",\"@id\":\"https:\\\/\\\/secure.gravatar.com\\\/avatar\\\/8ba2434b1e1b40a90131bc1f1ecafd649730f36aca8c8ecb3e2d5899593b4165?s=96&d=mm&r=g\",\"url\":\"https:\\\/\\\/secure.gravatar.com\\\/avatar\\\/8ba2434b1e1b40a90131bc1f1ecafd649730f36aca8c8ecb3e2d5899593b4165?s=96&d=mm&r=g\",\"contentUrl\":\"https:\\\/\\\/secure.gravatar.com\\\/avatar\\\/8ba2434b1e1b40a90131bc1f1ecafd649730f36aca8c8ecb3e2d5899593b4165?s=96&d=mm&r=g\",\"caption\":\"Rapha\u00ebl Cornuz\"},\"sameAs\":[\"https:\\\/\\\/cornuz.com\"]}]}<\/script>\n<!-- \/ Yoast SEO plugin. -->","yoast_head_json":{"title":"Die neue Indigo-Kollektion: leuchtende Farben f\u00fcr den Sommer 2023!","description":"Indigo Collection Sommer 2023 ab sofort in allen Nail Bars","robots":{"index":"index","follow":"follow","max-snippet":"max-snippet:-1","max-image-preview":"max-image-preview:large","max-video-preview":"max-video-preview:-1"},"canonical":"https:\/\/thenailbar.ch\/de\/produkte\/2023\/die-neue-indigo-kollektion-leuchtende-farben-fur-den-sommer-2023.html","og_locale":"de_DE","og_type":"article","og_title":"Die neue Indigo-Kollektion: leuchtende Farben f\u00fcr den Sommer 2023!","og_description":"Indigo Collection Sommer 2023 ab sofort in allen Nail Bars","og_url":"https:\/\/thenailbar.ch\/de\/produkte\/2023\/die-neue-indigo-kollektion-leuchtende-farben-fur-den-sommer-2023.html","og_site_name":"The Nail Bar - Lausanne Genf Vevey Neuenburg Freiburg Monthey Biel Zuerich","article_publisher":"https:\/\/www.facebook.com\/thenailbar.nail.switzerland\/","article_published_time":"2023-06-23T14:17:39+00:00","article_modified_time":"2023-10-05T14:37:49+00:00","og_image":[{"width":2160,"height":1020,"url":"https:\/\/thenailbar.ch\/wp2\/wp-content\/uploads\/2023\/06\/TNB-PRODUCT-23-023-Indigo-Summer-WPcover-2160x1020-1-jpg.webp","type":"image\/jpeg"}],"author":"Rapha\u00ebl Cornuz","twitter_card":"summary_large_image","twitter_creator":"@TheNailBarSwiss","twitter_site":"@TheNailBarSwiss","twitter_misc":{"Verfasst von":"Rapha\u00ebl Cornuz","Gesch\u00e4tzte Lesezeit":"6\u00a0Minuten"},"schema":{"@context":"https:\/\/schema.org","@graph":[{"@type":"Article","@id":"https:\/\/thenailbar.ch\/de\/produkte\/2023\/die-neue-indigo-kollektion-leuchtende-farben-fur-den-sommer-2023.html#article","isPartOf":{"@id":"https:\/\/thenailbar.ch\/de\/produkte\/2023\/die-neue-indigo-kollektion-leuchtende-farben-fur-den-sommer-2023.html"},"author":{"name":"Rapha\u00ebl Cornuz","@id":"https:\/\/thenailbar.ch\/de#\/schema\/person\/540c4e5d6c8983ee4cd66d8f4745c051"},"headline":"Die neue Indigo-Kollektion: leuchtende Farben f\u00fcr den Sommer 2023!","datePublished":"2023-06-23T14:17:39+00:00","dateModified":"2023-10-05T14:37:49+00:00","mainEntityOfPage":{"@id":"https:\/\/thenailbar.ch\/de\/produkte\/2023\/die-neue-indigo-kollektion-leuchtende-farben-fur-den-sommer-2023.html"},"wordCount":516,"commentCount":0,"publisher":{"@id":"https:\/\/thenailbar.ch\/de#organization"},"image":{"@id":"https:\/\/thenailbar.ch\/de\/produkte\/2023\/die-neue-indigo-kollektion-leuchtende-farben-fur-den-sommer-2023.html#primaryimage"},"thumbnailUrl":"https:\/\/thenailbar.ch\/wp2\/wp-content\/uploads\/2023\/06\/TNB-PRODUCT-23-023-Indigo-Summer-WPcover-2160x1020-1-jpg.webp","keywords":["Indigo Nails Lab"],"articleSection":["Produkte"],"inLanguage":"de","potentialAction":[{"@type":"CommentAction","name":"Comment","target":["https:\/\/thenailbar.ch\/de\/produkte\/2023\/die-neue-indigo-kollektion-leuchtende-farben-fur-den-sommer-2023.html#respond"]}]},{"@type":"WebPage","@id":"https:\/\/thenailbar.ch\/de\/produkte\/2023\/die-neue-indigo-kollektion-leuchtende-farben-fur-den-sommer-2023.html","url":"https:\/\/thenailbar.ch\/de\/produkte\/2023\/die-neue-indigo-kollektion-leuchtende-farben-fur-den-sommer-2023.html","name":"Die neue Indigo-Kollektion: leuchtende Farben f\u00fcr den Sommer 2023!","isPartOf":{"@id":"https:\/\/thenailbar.ch\/de#website"},"primaryImageOfPage":{"@id":"https:\/\/thenailbar.ch\/de\/produkte\/2023\/die-neue-indigo-kollektion-leuchtende-farben-fur-den-sommer-2023.html#primaryimage"},"image":{"@id":"https:\/\/thenailbar.ch\/de\/produkte\/2023\/die-neue-indigo-kollektion-leuchtende-farben-fur-den-sommer-2023.html#primaryimage"},"thumbnailUrl":"https:\/\/thenailbar.ch\/wp2\/wp-content\/uploads\/2023\/06\/TNB-PRODUCT-23-023-Indigo-Summer-WPcover-2160x1020-1-jpg.webp","datePublished":"2023-06-23T14:17:39+00:00","dateModified":"2023-10-05T14:37:49+00:00","description":"Indigo Collection Sommer 2023 ab sofort in allen Nail Bars","breadcrumb":{"@id":"https:\/\/thenailbar.ch\/de\/produkte\/2023\/die-neue-indigo-kollektion-leuchtende-farben-fur-den-sommer-2023.html#breadcrumb"},"inLanguage":"de","potentialAction":[{"@type":"ReadAction","target":["https:\/\/thenailbar.ch\/de\/produkte\/2023\/die-neue-indigo-kollektion-leuchtende-farben-fur-den-sommer-2023.html"]}]},{"@type":"ImageObject","inLanguage":"de","@id":"https:\/\/thenailbar.ch\/de\/produkte\/2023\/die-neue-indigo-kollektion-leuchtende-farben-fur-den-sommer-2023.html#primaryimage","url":"https:\/\/thenailbar.ch\/wp2\/wp-content\/uploads\/2023\/06\/TNB-PRODUCT-23-023-Indigo-Summer-WPcover-2160x1020-1-jpg.webp","contentUrl":"https:\/\/thenailbar.ch\/wp2\/wp-content\/uploads\/2023\/06\/TNB-PRODUCT-23-023-Indigo-Summer-WPcover-2160x1020-1-jpg.webp","width":2160,"height":1020},{"@type":"BreadcrumbList","@id":"https:\/\/thenailbar.ch\/de\/produkte\/2023\/die-neue-indigo-kollektion-leuchtende-farben-fur-den-sommer-2023.html#breadcrumb","itemListElement":[{"@type":"ListItem","position":1,"name":"Accueil","item":"https:\/\/thenailbar.ch\/de"},{"@type":"ListItem","position":2,"name":"Die neue Indigo-Kollektion: leuchtende Farben f\u00fcr den Sommer 2023!"}]},{"@type":"WebSite","@id":"https:\/\/thenailbar.ch\/de#website","url":"https:\/\/thenailbar.ch\/de","name":"The Nail Bar - Sans ou Avec rendez-vous!","description":"\u201cOhne oder Mit Termin!\u201d","publisher":{"@id":"https:\/\/thenailbar.ch\/de#organization"},"alternateName":"The Nail Bar","potentialAction":[{"@type":"SearchAction","target":{"@type":"EntryPoint","urlTemplate":"https:\/\/thenailbar.ch\/de?s={search_term_string}"},"query-input":{"@type":"PropertyValueSpecification","valueRequired":true,"valueName":"search_term_string"}}],"inLanguage":"de"},{"@type":"Organization","@id":"https:\/\/thenailbar.ch\/de#organization","name":"The Nail Bar","url":"https:\/\/thenailbar.ch\/de","logo":{"@type":"ImageObject","inLanguage":"de","@id":"https:\/\/thenailbar.ch\/de#\/schema\/logo\/image\/","url":"https:\/\/i0.wp.com\/thenailbar.ch\/wp2\/wp-content\/uploads\/2018\/09\/android-chrome-192x192.png?fit=192%2C192&ssl=1","contentUrl":"https:\/\/i0.wp.com\/thenailbar.ch\/wp2\/wp-content\/uploads\/2018\/09\/android-chrome-192x192.png?fit=192%2C192&ssl=1","width":192,"height":192,"caption":"The Nail Bar"},"image":{"@id":"https:\/\/thenailbar.ch\/de#\/schema\/logo\/image\/"},"sameAs":["https:\/\/www.facebook.com\/thenailbar.nail.switzerland\/","https:\/\/x.com\/TheNailBarSwiss","https:\/\/www.instagram.com\/thenailbarswitzerland\/","https:\/\/www.pinterest.ch\/thenailbarswitzerland\/","https:\/\/www.youtube.com\/channel\/UCAZSdCTBJp-1F91xL1wZHQg"]},{"@type":"Person","@id":"https:\/\/thenailbar.ch\/de#\/schema\/person\/540c4e5d6c8983ee4cd66d8f4745c051","name":"Rapha\u00ebl Cornuz","image":{"@type":"ImageObject","inLanguage":"de","@id":"https:\/\/secure.gravatar.com\/avatar\/8ba2434b1e1b40a90131bc1f1ecafd649730f36aca8c8ecb3e2d5899593b4165?s=96&d=mm&r=g","url":"https:\/\/secure.gravatar.com\/avatar\/8ba2434b1e1b40a90131bc1f1ecafd649730f36aca8c8ecb3e2d5899593b4165?s=96&d=mm&r=g","contentUrl":"https:\/\/secure.gravatar.com\/avatar\/8ba2434b1e1b40a90131bc1f1ecafd649730f36aca8c8ecb3e2d5899593b4165?s=96&d=mm&r=g","caption":"Rapha\u00ebl Cornuz"},"sameAs":["https:\/\/cornuz.com"]}]}},"jetpack_publicize_connections":[],"jetpack_featured_media_url":"https:\/\/thenailbar.ch\/wp2\/wp-content\/uploads\/2023\/06\/TNB-PRODUCT-23-023-Indigo-Summer-WPcover-2160x1020-1-jpg.webp","jetpack_sharing_enabled":true,"jetpack-related-posts":[],"jetpack_shortlink":"https:\/\/wp.me\/patLF0-46X","_links":{"self":[{"href":"https:\/\/thenailbar.ch\/de\/wp-json\/wp\/v2\/posts\/15807","targetHints":{"allow":["GET"]}}],"collection":[{"href":"https:\/\/thenailbar.ch\/de\/wp-json\/wp\/v2\/posts"}],"about":[{"href":"https:\/\/thenailbar.ch\/de\/wp-json\/wp\/v2\/types\/post"}],"author":[{"embeddable":true,"href":"https:\/\/thenailbar.ch\/de\/wp-json\/wp\/v2\/users\/1"}],"replies":[{"embeddable":true,"href":"https:\/\/thenailbar.ch\/de\/wp-json\/wp\/v2\/comments?post=15807"}],"version-history":[{"count":3,"href":"https:\/\/thenailbar.ch\/de\/wp-json\/wp\/v2\/posts\/15807\/revisions"}],"predecessor-version":[{"id":16087,"href":"https:\/\/thenailbar.ch\/de\/wp-json\/wp\/v2\/posts\/15807\/revisions\/16087"}],"wp:featuredmedia":[{"embeddable":true,"href":"https:\/\/thenailbar.ch\/de\/wp-json\/wp\/v2\/media\/15814"}],"wp:attachment":[{"href":"https:\/\/thenailbar.ch\/de\/wp-json\/wp\/v2\/media?parent=15807"}],"wp:term":[{"taxonomy":"category","embeddable":true,"href":"https:\/\/thenailbar.ch\/de\/wp-json\/wp\/v2\/categories?post=15807"},{"taxonomy":"post_tag","embeddable":true,"href":"https:\/\/thenailbar.ch\/de\/wp-json\/wp\/v2\/tags?post=15807"}],"curies":[{"name":"wp","href":"https:\/\/api.w.org\/{rel}","templated":true}]}}